{"id":2790,"date":"2009-06-12T16:20:09","date_gmt":"2009-06-12T20:20:09","guid":{"rendered":"http:\/\/www.redenoticia.com.br\/noticia\/?p=2790"},"modified":"2009-06-12T19:57:18","modified_gmt":"2009-06-12T23:57:18","slug":"produtores-rurais-terao-programacao-especial-na-expojipa-2009","status":"publish","type":"post","link":"https:\/\/migracao.redenoticia.com.br\/noticia\/2009\/produtores-rurais-terao-programacao-especial-na-expojipa-2009\/2790","title":{"rendered":"Produtores rurais ter\u00e3o programa\u00e7\u00e3o especial na Expojipa 2009"},"content":{"rendered":"<p align=\"justify\"><span style=\"font-family: 'Times New Roman'; font-size: small;\"><a href=\"https:\/\/migracao.redenoticia.com.br\/noticia\/imagens\/\/palestraexpojipa.jpg\"><img loading=\"lazy\" decoding=\"async\" class=\"alignleft size-medium wp-image-2791\" title=\"Palestra T\u00e9cnica na Expojipa\" src=\"https:\/\/migracao.redenoticia.com.br\/noticia\/imagens\/\/palestraexpojipa-249x187.jpg\" alt=\"Palestra T\u00e9cnica na Expojipa\" width=\"249\" height=\"187\" \/><\/a>Al\u00e9m de curtir a festa, os participantes da 30\u00aa Exposi\u00e7\u00e3o Agropecu\u00e1ria, Industrial e Comercial de Ji-Paran\u00e1, (EXPOJIPA), tamb\u00e9m ter\u00e3o a oportunidade de aumentar seus conhecimentos. Para isso, a Associa\u00e7\u00e3o Rural de Rond\u00f4nia, (ARR) organizadora da feira, estar\u00e1 promovendo em parceria com v\u00e1rias empresas, seis palestras gratuitas voltadas para o homem do campo. \u201c O nosso maior prop\u00f3sito \u00e9 incentivar o agroneg\u00f3cio levando gratuitamente conhecimento ao homem do campo. Por isso, todos os anos trazemos palestrantes ilustres para discutir com a nossa gente assuntos relevantes da agropecu\u00e1ria\u201d afirmou o presidente da Associa\u00e7\u00e3o Rural de Rond\u00f4nia,(ARR), Coriolano Nogueira Franco, o \u201cCuri\u00f3\u201d.<\/span><\/p>\n<p><span style=\"font-family: 'Times New Roman'; font-size: small;\">No dia 07 de julho, est\u00e3o programadas tr\u00eas palestras, no Thatersal de Leil\u00f5es . A primeira acontecer\u00e1 \u00e0s 9h, com o tema \u201c Conjuntura Atual e Desafios para o Pecuarista\u201d\u00a0\u00a0 e ser\u00e1 ministrada pelo diretor Engenheiro Agr\u00f4nomo, Maur\u00edcio Palma Nogueira. Em seguida \u00e0s 10h e 30min, ser\u00e1 a vez do doutor em Ci\u00eancia\u00a0 Animal, Marcelo Manela, ministrar a palestra \u201c Uso do Confinamento na Termina\u00e7\u00e3o dos Bovinos de Corte\u201d.A terceira palestra\u00a0 est\u00e1 marcada para \u00e0s 11h e 30 min. e ter\u00e1 como tema \u201cAvan\u00e7os na Suplementa\u00e7\u00e3o Prot\u00e9ica dos Bovinos a Corte\u201d. O palestrante desta vez ser\u00e1 o Zootecnista Wolney Alvim Pereira Junior. Todas as tr\u00eas palestras est\u00e3o sendo organizadas pela empresa Sal Max.<\/span><\/p>\n<p><span style=\"font-family: 'Times New Roman'; font-size: small;\">No dia 08 de julho, \u00e0s 9h, no Thatersal de Leil\u00f5es, ser\u00e1 realizada a palestra \u201c\u00a0 Manejo Sanit\u00e1rio e Controle das Doen\u00e7as Reprodutivas\u201d ,com Dr.Luiz Paulo Vilasboas.A realiza\u00e7\u00e3o \u00e9 da empresa Implemaq.<\/span><\/p>\n<p><span style=\"font-family: 'Times New Roman'; font-size: small;\">No dia 10 de julho, ser\u00e1 lan\u00e7ada a Campanha Integrada da Qualidade do\u00a0 Leite na Regi\u00e3o Central de Rond\u00f4nia. Para marcar a data, est\u00e3o programadas duas palestras nas depend\u00eancias do Sallon Country. \u00c0s 9h a30 min. ser\u00e1 ministrada a palestra\u00a0 \u201c Produ\u00e7\u00e3o de Leite com Qualidade\u201d e \u00e0s 11 h, \u201cViabilidade Econ\u00f4mica da Pecu\u00e1ria Leiteira no Estado de Rond\u00f4nia\u201d com o palestrante Guilherme Nunes- EMBRAPA- Juiz de Fora \u2013 MG . As duas palestras deste dia, ser\u00e3o realizadas pelo SEBRAE. <\/span><\/p>\n<p align=\"justify\"><span style=\"font-family: 'Times New Roman'; font-size: small;\">Os interessados em participar da palestra, podem se inscrever gratuitamente momentos antes do evento.<\/span><\/p>\n","protected":false},"excerpt":{"rendered":"<p>Al\u00e9m de curtir a festa, os participantes da 30\u00aa Exposi\u00e7\u00e3o Agropecu\u00e1ria, Industrial e Comercial de Ji-Paran\u00e1, (EXPOJIPA), tamb\u00e9m ter\u00e3o a oportunidade de aumentar seus conhecimentos. Para isso, a Associa\u00e7\u00e3o Rural de Rond\u00f4nia, (ARR) organizadora da feira, estar\u00e1 promovendo em parceria com v\u00e1rias empresas, seis palestras gratuitas voltadas para o homem do campo. \u201c O nosso [&hellip;]<\/p>\n","protected":false},"author":2,"featured_media":0,"comment_status":"open","ping_status":"open","sticky":false,"template":"","format":"standard","meta":{"tdm_status":"","tdm_grid_status":"","footnotes":""},"categories":[7],"tags":[],"class_list":{"0":"post-2790","1":"post","2":"type-post","3":"status-publish","4":"format-standard","6":"category-economia"},"_links":{"self":[{"href":"https:\/\/migracao.redenoticia.com.br\/noticia\/wp-json\/wp\/v2\/posts\/2790","targetHints":{"allow":["GET"]}}],"collection":[{"href":"https:\/\/migracao.redenoticia.com.br\/noticia\/wp-json\/wp\/v2\/posts"}],"about":[{"href":"https:\/\/migracao.redenoticia.com.br\/noticia\/wp-json\/wp\/v2\/types\/post"}],"author":[{"embeddable":true,"href":"https:\/\/migracao.redenoticia.com.br\/noticia\/wp-json\/wp\/v2\/users\/2"}],"replies":[{"embeddable":true,"href":"https:\/\/migracao.redenoticia.com.br\/noticia\/wp-json\/wp\/v2\/comments?post=2790"}],"version-history":[{"count":0,"href":"https:\/\/migracao.redenoticia.com.br\/noticia\/wp-json\/wp\/v2\/posts\/2790\/revisions"}],"wp:attachment":[{"href":"https:\/\/migracao.redenoticia.com.br\/noticia\/wp-json\/wp\/v2\/media?parent=2790"}],"wp:term":[{"taxonomy":"category","embeddable":true,"href":"https:\/\/migracao.redenoticia.com.br\/noticia\/wp-json\/wp\/v2\/categories?post=2790"},{"taxonomy":"post_tag","embeddable":true,"href":"https:\/\/migracao.redenoticia.com.br\/noticia\/wp-json\/wp\/v2\/tags?post=2790"}],"curies":[{"name":"wp","href":"https:\/\/api.w.org\/{rel}","templated":true}]}}