{"id":27906,"date":"2010-05-14T12:16:19","date_gmt":"2010-05-14T16:16:19","guid":{"rendered":"http:\/\/www.redenoticia.com.br\/noticia\/?p=27906"},"modified":"2010-05-14T20:45:09","modified_gmt":"2010-05-15T00:45:09","slug":"copa-do-mundo-fifa-2010-concentracao-da-selecao-brasileira","status":"publish","type":"post","link":"https:\/\/migracao.redenoticia.com.br\/noticia\/2010\/copa-do-mundo-fifa-2010-concentracao-da-selecao-brasileira\/27906","title":{"rendered":"Copa do Mundo FIFA 2010 &#8211; concentra\u00e7\u00e3o da Sele\u00e7\u00e3o Brasileira"},"content":{"rendered":"<p><strong><em><img loading=\"lazy\" decoding=\"async\" class=\"alignleft size-full wp-image-25827\" title=\"copa do mundo 2010 fifa africa do sul\" src=\"https:\/\/migracao.redenoticia.com.br\/noticia\/imagens\/copa-do-mundo-2010-fifa-africa-do-sul.jpg\" alt=\"\" width=\"300\" height=\"193\" srcset=\"https:\/\/migracao.redenoticia.com.br\/noticia\/imagens\/copa-do-mundo-2010-fifa-africa-do-sul.jpg 300w, https:\/\/migracao.redenoticia.com.br\/noticia\/imagens\/copa-do-mundo-2010-fifa-africa-do-sul-250x160.jpg 250w, https:\/\/migracao.redenoticia.com.br\/noticia\/imagens\/copa-do-mundo-2010-fifa-africa-do-sul-150x96.jpg 150w\" sizes=\"auto, (max-width: 300px) 100vw, 300px\" \/>Copa do Mundo FIFA 2010<\/em><\/strong> \u2013 segundo a <strong><em>CBF<\/em><\/strong>, a <strong><em>Sele\u00e7\u00e3o Brasileira<\/em><\/strong> ficar\u00e1 concentrada no Centro de Treinamento do Atl\u00e9tico Paranaense,\u00a0em Curitiba,\u00a0dos dias 21 a 26 de maio, quando os jogadores ser\u00e3o submetidos a avalia\u00e7\u00e3o\u00a0m\u00e9dica e f\u00edsica, antes do embarque para a Copa do Mundo FIFA 2010 na \u00c1frica do Sul.\u00a0A CBF tamb\u00e9m publicou uma tabela com o perfil dos jogadores da Sele\u00e7\u00e3o Brasileira que disputar\u00e1 a Copa do Mundo 2010 da \u00c1frica do Sul.<\/p>\n<p>Segundo a estat\u00edstica, dos 23 jogadores convocados pelo t\u00e9cnico\u00a0Dunga para a Copa do Mundo de 2010, o zagueiro L\u00facio e o meio-campo Gilberto Silva s\u00e3o os que mais atuaram.\u00a0L\u00facio (117 convoca\u00e7\u00f5es)\u00a0e Gilberto Silva (110 convoca\u00e7\u00f5es) participaram de\u00a091 partidas.<\/p>\n<p>Juan jogou 75 vezes, com 117 convoca\u00e7\u00f5es.\u00a0 Lu\u00eds Fabiano e Kak\u00e1, com 25 gols,\u00a0s\u00e3o os artilheiros. Lu\u00eds Fabiano conseguiu a marca\u00a0em 36 partidas (m\u00e9dia de 0,69), e Kak\u00e1 em 74 partidas (m\u00e9dia de 0,33). Robinho marcou 22 gols, em 71 jogos (m\u00e9dia de 0,30). Nilmar marcou oito gols em 11 jogos (m\u00e9dia 0,72) e Julio Cesar atuou em 47 jogos e sofreu 31 gols.\u00a0<\/p>\n<p><a href=\"http:\/\/www.cbf.com.br\/pdf\/perfil2010.pdf\" target=\"_blank\">Clique aqui para ver o perfil completo dos jogadores da Copa do Mundo de\u00a02010<\/a><\/p>\n<p>Fonte CBF<\/p>\n<p>Imagem Fifa divulga\u00e7\u00e3o<\/p>\n","protected":false},"excerpt":{"rendered":"<p>Copa do Mundo FIFA 2010 \u2013 segundo a CBF, a Sele\u00e7\u00e3o Brasileira ficar\u00e1 concentrada no Centro de Treinamento do Atl\u00e9tico Paranaense,\u00a0em Curitiba,\u00a0dos dias 21 a 26 de maio, quando os jogadores ser\u00e3o submetidos a avalia\u00e7\u00e3o\u00a0m\u00e9dica e f\u00edsica, antes do embarque para a Copa do Mundo FIFA 2010 na \u00c1frica do Sul.\u00a0A CBF tamb\u00e9m publicou uma [&hellip;]<\/p>\n","protected":false},"author":3,"featured_media":25827,"comment_status":"open","ping_status":"open","sticky":false,"template":"","format":"standard","meta":{"tdm_status":"","tdm_grid_status":"","footnotes":""},"categories":[22,343],"tags":[],"class_list":{"0":"post-27906","1":"post","2":"type-post","3":"status-publish","4":"format-standard","5":"has-post-thumbnail","7":"category-brasil","8":"category-televisao"},"_links":{"self":[{"href":"https:\/\/migracao.redenoticia.com.br\/noticia\/wp-json\/wp\/v2\/posts\/27906","targetHints":{"allow":["GET"]}}],"collection":[{"href":"https:\/\/migracao.redenoticia.com.br\/noticia\/wp-json\/wp\/v2\/posts"}],"about":[{"href":"https:\/\/migracao.redenoticia.com.br\/noticia\/wp-json\/wp\/v2\/types\/post"}],"author":[{"embeddable":true,"href":"https:\/\/migracao.redenoticia.com.br\/noticia\/wp-json\/wp\/v2\/users\/3"}],"replies":[{"embeddable":true,"href":"https:\/\/migracao.redenoticia.com.br\/noticia\/wp-json\/wp\/v2\/comments?post=27906"}],"version-history":[{"count":0,"href":"https:\/\/migracao.redenoticia.com.br\/noticia\/wp-json\/wp\/v2\/posts\/27906\/revisions"}],"wp:featuredmedia":[{"embeddable":true,"href":"https:\/\/migracao.redenoticia.com.br\/noticia\/wp-json\/wp\/v2\/media\/25827"}],"wp:attachment":[{"href":"https:\/\/migracao.redenoticia.com.br\/noticia\/wp-json\/wp\/v2\/media?parent=27906"}],"wp:term":[{"taxonomy":"category","embeddable":true,"href":"https:\/\/migracao.redenoticia.com.br\/noticia\/wp-json\/wp\/v2\/categories?post=27906"},{"taxonomy":"post_tag","embeddable":true,"href":"https:\/\/migracao.redenoticia.com.br\/noticia\/wp-json\/wp\/v2\/tags?post=27906"}],"curies":[{"name":"wp","href":"https:\/\/api.w.org\/{rel}","templated":true}]}}