{"id":27908,"date":"2010-05-14T12:47:11","date_gmt":"2010-05-14T16:47:11","guid":{"rendered":"http:\/\/www.redenoticia.com.br\/noticia\/?p=27908"},"modified":"2012-04-03T15:19:48","modified_gmt":"2012-04-03T18:19:48","slug":"viver-a-vida-ultimo-capitulo-sera-emocionante","status":"publish","type":"post","link":"https:\/\/migracao.redenoticia.com.br\/noticia\/2010\/viver-a-vida-ultimo-capitulo-sera-emocionante\/27908","title":{"rendered":"Viver a Vida \u2013 \u00faltimo cap\u00edtulo ser\u00e1 emocionante"},"content":{"rendered":"<p><strong><em><img loading=\"lazy\" decoding=\"async\" class=\"alignleft size-full wp-image-17353\" title=\"novela globo viver a vida\" src=\"https:\/\/migracao.redenoticia.com.br\/noticia\/imagens\/novela-globo-viver-a-vida.jpg\" alt=\"\" width=\"300\" height=\"193\" srcset=\"https:\/\/migracao.redenoticia.com.br\/noticia\/imagens\/novela-globo-viver-a-vida.jpg 300w, https:\/\/migracao.redenoticia.com.br\/noticia\/imagens\/novela-globo-viver-a-vida-250x160.jpg 250w, https:\/\/migracao.redenoticia.com.br\/noticia\/imagens\/novela-globo-viver-a-vida-150x96.jpg 150w\" sizes=\"auto, (max-width: 300px) 100vw, 300px\" \/>Viver a Vida<\/em><\/strong> \u2013 no <strong><em>\u00faltimo cap\u00edtulo<\/em><\/strong> da <strong><em>novela<\/em><\/strong> Viver a Vida, produzida pela da Rede <strong><em>Globo<\/em><\/strong>, os personagens v\u00e3o viver momentos emocionantes. Segundo a emissora, Miguel vai acompanhar Luciana no momento mais importante do casal, o parto dos G\u00eameos, que ser\u00e1 realizado pelo corpo de m\u00e9dicos do Santa Terezinha das Rosas.<\/p>\n<p>Como n\u00e3o pode faltar casamento em \u00faltimo cap\u00edtulo de novela, Ellen e Ricardo finalmente v\u00e3o se unir em uma cerim\u00f4nia rica em detalhes e mensagens. O evento do \u00faltimo cap\u00edtulo de Viver a Vida ser\u00e1 compartilhado com o casamento de Ariane. Quem vai brilhar neste casamento do \u00faltimo cap\u00edtulo de Viver a Vida \u00e9 a protagonista Helena, que aparece gr\u00e1vida, feliz, esbelta, apaixonada e linda ao lado de Bruno.<\/p>\n<p>Na vida real dos atores de Viver a Vida tamb\u00e9m \u00e9 momento de muita emo\u00e7\u00e3o. O ator Mateus Solano, em clima de despedida, se emocionou e chorou ao encontrar e abra\u00e7ar o diretor da novela, Manoel Carlos. Int\u00e9rprete de Jorge e Miguel na novela Viver a Vida agradeceu seus personagens. Segundo publicado pela Globo, Manoel Carlos elogiou o ator &#8220;Mateus foi simplesmente maravilhoso desempenhando os dois pap\u00e9is&#8221;.<\/p>\n<p>Viver a Vida \u2013 \u00faltimo cap\u00edtulo da novela da Rede Globo<\/p>\n","protected":false},"excerpt":{"rendered":"<p>Viver a Vida \u2013 no \u00faltimo cap\u00edtulo da novela Viver a Vida, produzida pela da Rede Globo, os personagens v\u00e3o viver momentos emocionantes. Segundo a emissora, Miguel vai acompanhar Luciana no momento mais importante do casal, o parto dos G\u00eameos, que ser\u00e1 realizado pelo corpo de m\u00e9dicos do Santa Terezinha das Rosas. Como n\u00e3o pode [&hellip;]<\/p>\n","protected":false},"author":3,"featured_media":17353,"comment_status":"open","ping_status":"open","sticky":false,"template":"","format":"standard","meta":{"tdm_status":"","tdm_grid_status":"","footnotes":""},"categories":[22,379,375,343],"tags":[],"class_list":{"0":"post-27908","1":"post","2":"type-post","3":"status-publish","4":"format-standard","5":"has-post-thumbnail","7":"category-brasil","8":"category-novelas","9":"category-rede-globo","10":"category-televisao"},"_links":{"self":[{"href":"https:\/\/migracao.redenoticia.com.br\/noticia\/wp-json\/wp\/v2\/posts\/27908","targetHints":{"allow":["GET"]}}],"collection":[{"href":"https:\/\/migracao.redenoticia.com.br\/noticia\/wp-json\/wp\/v2\/posts"}],"about":[{"href":"https:\/\/migracao.redenoticia.com.br\/noticia\/wp-json\/wp\/v2\/types\/post"}],"author":[{"embeddable":true,"href":"https:\/\/migracao.redenoticia.com.br\/noticia\/wp-json\/wp\/v2\/users\/3"}],"replies":[{"embeddable":true,"href":"https:\/\/migracao.redenoticia.com.br\/noticia\/wp-json\/wp\/v2\/comments?post=27908"}],"version-history":[{"count":0,"href":"https:\/\/migracao.redenoticia.com.br\/noticia\/wp-json\/wp\/v2\/posts\/27908\/revisions"}],"wp:featuredmedia":[{"embeddable":true,"href":"https:\/\/migracao.redenoticia.com.br\/noticia\/wp-json\/wp\/v2\/media\/17353"}],"wp:attachment":[{"href":"https:\/\/migracao.redenoticia.com.br\/noticia\/wp-json\/wp\/v2\/media?parent=27908"}],"wp:term":[{"taxonomy":"category","embeddable":true,"href":"https:\/\/migracao.redenoticia.com.br\/noticia\/wp-json\/wp\/v2\/categories?post=27908"},{"taxonomy":"post_tag","embeddable":true,"href":"https:\/\/migracao.redenoticia.com.br\/noticia\/wp-json\/wp\/v2\/tags?post=27908"}],"curies":[{"name":"wp","href":"https:\/\/api.w.org\/{rel}","templated":true}]}}