{"id":28,"date":"2009-03-28T22:38:00","date_gmt":"2009-03-29T01:38:00","guid":{"rendered":"http:\/\/www.redenoticia.com.br\/noticia\/?p=28"},"modified":"2009-04-10T17:05:55","modified_gmt":"2009-04-10T20:05:55","slug":"crise-pode-abrir-oportunidades-de-exportacao-para-pequenos-empreendimentos","status":"publish","type":"post","link":"https:\/\/migracao.redenoticia.com.br\/noticia\/2009\/crise-pode-abrir-oportunidades-de-exportacao-para-pequenos-empreendimentos\/28","title":{"rendered":"Crise pode abrir oportunidades de exporta\u00e7\u00e3o para pequenos empreendimentos"},"content":{"rendered":"\n<p class=\"MsoNormal\">[singlepic id=215 w=320 h=240 float=left]A crise financeira internacional que atinge, entre outros setores, o da exporta\u00e7\u00e3o praticada por grandes empresas pode representar uma excelente oportunidade para os micro e pequenos empreendimentos. A avalia\u00e7\u00e3o \u00e9 do analista de com\u00e9rcio exterior do minist\u00e9rio do Desenvolvimento, Ind\u00fastria e Com\u00e9rcio Exterior (MDIC) Carlos Tavares. Ele participou como instrutor, nesta semana, de um curso de capacita\u00e7\u00e3o em exporta\u00e7\u00e3o voltado a micro e pequenos empres\u00e1rios de diversos setores do munic\u00edpio de Nova Igua\u00e7u, na Baixada Fluminense.<\/p>\n<p><span>Durante dois dias, o grupo recebeu no\u00e7\u00f5es sobre a rede nacional de agentes de com\u00e9rcio exterior, acordos comerciais, incentivos fiscais, regimes aduaneiros e forma\u00e7\u00e3o de pre\u00e7o. A iniciativa faz parte de um projeto coordenado pela Secretaria Estadual de Desenvolvimento Econ\u00f4mico, Energia, Ind\u00fastria e Servi\u00e7os, em parceria com o minist\u00e9rio e o Servi\u00e7o de Apoio \u00e0s Micro e Pequenas Empresas no Rio de Janeiro (Sebrae-RJ).<\/span> <span>&#8220;O Brasil n\u00e3o est\u00e1 sendo t\u00e3o atingido pela crise como diversos pa\u00edses da Europa ou os Estados Unidos e a China. Al\u00e9m disso, as grandes empresas s\u00e3o as que mais sofrem com essa restri\u00e7\u00e3o de cr\u00e9dito [<em>j\u00e1 que em geral necessitam de um volume maior de capta\u00e7\u00e3o para desenvolverem seus projetos<\/em>]. A pequena empresa tem maior mobilidade e, conseguindo pequeno volume de cr\u00e9dito, pode aproveitar essa fase para conquistar novos mercados&#8221;, afirmou.<\/span> <span>Tavares acredita que muitos neg\u00f3cios de menor porte deixam de alavancar seus rendimentos porque n\u00e3o conhecem os procedimentos necess\u00e1rios para entrar no mercado internacional. Ele destacou, ainda, que n\u00e3o existe um ramo com maiores possibilidades de sucesso na venda para outros pa\u00edses, mas \u00e9 preciso se adequar \u00e0s exig\u00eancias externas.<\/span> <span>&#8220;O mercado internacional tem espa\u00e7o para diversos setores, n\u00e3o h\u00e1 um espec\u00edfico com mais chances de dar certo. O que existe \u00e9 uma s\u00e9rie de normas e regras que os exportadores precisam conhecer. \u00c9 poss\u00edvel exportar tudo, basta estar preparado para cumprir as exig\u00eancias do mercado internacional&#8221;, acrescentou.<\/span> <span>A microempres\u00e1ria M\u00f4nica Andrade, dona de uma pequena confec\u00e7\u00e3o de quimonos, conta que j\u00e1 recebeu encomendas do Canad\u00e1, de Portugal, dos Estados Unidos e da Finl\u00e2ndia. Apesar disso, at\u00e9 hoje n\u00e3o vendeu nenhuma pe\u00e7a para esses pa\u00edses por n\u00e3o saber como fazer para enviar legalmente os produtos.<\/span> <span>&#8220;Aprendi muita coisa que vai ser bastante \u00fatil. Nunca exportei, apesar do interesse, porque tinha muito medo de n\u00e3o saber fazer certo e acabar trazendo um preju\u00edzo para a empresa. Agora espero que d\u00ea certo&#8221;, disse M\u00f4nica, que participou do curso de capacita\u00e7\u00e3o em Nova Igua\u00e7u.<\/span> <span>Dados do Minist\u00e9rio do Desenvolvimento, Ind\u00fastria e Com\u00e9rcio Exterior apontam que existem hoje no Brasil cerca de 20 mil empresas que exportam. Aproximadamente metade \u00e9 formada por micro e pequenos empreendimentos. Ao todo, no ano passado, o pa\u00eds contabilizou a exporta\u00e7\u00e3o de R$ 197 bilh\u00f5es. Desse montante, apenas R$ 3 bilh\u00f5es s\u00e3o relativos aos neg\u00f3cios de menor porte, um volume ainda considerado pequeno, segundo Tavares.<\/span> <span>Quem desejar obter informa\u00e7\u00f5es sobre os procedimentos para exportar seus produtos, pode acessar o <em>site<\/em> <a href=\"http:\/\/www.portaldoexportador.gov.br\/\" target=\"_blank\">www.portaldoexportador.gov.br<\/a>.<\/span><\/p>\n<p class=\"MsoNormal\"><span>Fonte Ag\u00eancia Noticia<\/span><\/p>\n<p class=\"MsoNormal\">\n","protected":false},"excerpt":{"rendered":"<p>[singlepic id=215 w=320 h=240 float=left]A crise financeira internacional que atinge, entre outros setores, o da exporta\u00e7\u00e3o praticada por grandes empresas pode representar uma excelente oportunidade para os micro e pequenos empreendimentos. A avalia\u00e7\u00e3o \u00e9 do analista de com\u00e9rcio exterior do minist\u00e9rio do Desenvolvimento, Ind\u00fastria e Com\u00e9rcio Exterior (MDIC) Carlos Tavares. Ele participou como instrutor, nesta [&hellip;]<\/p>\n","protected":false},"author":2,"featured_media":0,"comment_status":"open","ping_status":"open","sticky":false,"template":"","format":"standard","meta":{"tdm_status":"","tdm_grid_status":"","footnotes":""},"categories":[7],"tags":[],"class_list":{"0":"post-28","1":"post","2":"type-post","3":"status-publish","4":"format-standard","6":"category-economia"},"_links":{"self":[{"href":"https:\/\/migracao.redenoticia.com.br\/noticia\/wp-json\/wp\/v2\/posts\/28","targetHints":{"allow":["GET"]}}],"collection":[{"href":"https:\/\/migracao.redenoticia.com.br\/noticia\/wp-json\/wp\/v2\/posts"}],"about":[{"href":"https:\/\/migracao.redenoticia.com.br\/noticia\/wp-json\/wp\/v2\/types\/post"}],"author":[{"embeddable":true,"href":"https:\/\/migracao.redenoticia.com.br\/noticia\/wp-json\/wp\/v2\/users\/2"}],"replies":[{"embeddable":true,"href":"https:\/\/migracao.redenoticia.com.br\/noticia\/wp-json\/wp\/v2\/comments?post=28"}],"version-history":[{"count":0,"href":"https:\/\/migracao.redenoticia.com.br\/noticia\/wp-json\/wp\/v2\/posts\/28\/revisions"}],"wp:attachment":[{"href":"https:\/\/migracao.redenoticia.com.br\/noticia\/wp-json\/wp\/v2\/media?parent=28"}],"wp:term":[{"taxonomy":"category","embeddable":true,"href":"https:\/\/migracao.redenoticia.com.br\/noticia\/wp-json\/wp\/v2\/categories?post=28"},{"taxonomy":"post_tag","embeddable":true,"href":"https:\/\/migracao.redenoticia.com.br\/noticia\/wp-json\/wp\/v2\/tags?post=28"}],"curies":[{"name":"wp","href":"https:\/\/api.w.org\/{rel}","templated":true}]}}