{"id":2803,"date":"2009-06-12T19:56:31","date_gmt":"2009-06-12T23:56:31","guid":{"rendered":"http:\/\/www.redenoticia.com.br\/noticia\/?p=2803"},"modified":"2009-06-12T20:01:58","modified_gmt":"2009-06-13T00:01:58","slug":"governador-vistoria-obras-do-anel-viario-de-ji-parana","status":"publish","type":"post","link":"https:\/\/migracao.redenoticia.com.br\/noticia\/2009\/governador-vistoria-obras-do-anel-viario-de-ji-parana\/2803","title":{"rendered":"Governador vistoria obras do Anel Vi\u00e1rio de Ji-Paran\u00e1"},"content":{"rendered":"<p class=\"MsoNormal\"><strong><span style=\"font-size: 11pt; font-family: Arial;\"><\/span><\/strong><span style=\"font-size: 11pt; font-family: Arial;\">O Governador de Rond\u00f4nia Ivo Cassol (Sem Partido) visitou na manh\u00e3 de hoje, junto com o secret\u00e1rio regional Ari Saraiva, as obras do Anel Vi\u00e1rio e deu a ordem de servi\u00e7o para a constru\u00e7\u00e3o da ponte. Segundo o governador, a ponte ter\u00e1 463 metros e a pavimenta\u00e7\u00e3o ser\u00e1 entre 12 e 15 quil\u00f4metros. O investimento na constru\u00e7\u00e3o da ponte e pavimenta\u00e7\u00e3o \u00e9 de mais de R$ 31 milh\u00f5es. <\/span><\/p>\n<p class=\"MsoNormal\"><span style=\"font-size: 11pt; font-family: Arial;\">Recentemente, a equipe do Departamento de Estradas e Rodagens (DER) reabriu as estradas e fez a limpeza nos trechos que liga a BR-364 ao Anel Vi\u00e1rio.<\/span><\/p>\n<p class=\"MsoNormal\"><span style=\"font-size: 11pt; font-family: Arial;\">O propriet\u00e1rio da construtora Ouro Verde, que \u00e9 respons\u00e1vel pela constru\u00e7\u00e3o da ponte, Lu\u00eds Carlos Gon\u00e7alves, disse que a equipe esta fazendo a instala\u00e7\u00e3o dos canteiros e j\u00e1 vai iniciar a obra da ponte, que dever\u00e1 ser conclu\u00edda em cinco meses. <\/span><\/p>\n<p class=\"MsoNormal\"><span style=\"font-size: 11pt; font-family: Arial;\">Ap\u00f3s dar a ordem de servi\u00e7o da ponte, o governador visitou a oficina da Secretaria Regional do Governo do Estado em Ji-Paran\u00e1, que foi implantada h\u00e1 10 meses e j\u00e1 realizou a manuten\u00e7\u00e3o corretiva e preventiva em 400 ve\u00edculos. No local, uma equipe de mec\u00e2nicos e eletricistas conserta motor, suspens\u00e3o, cambio, parte el\u00e9trica, funilaria, entre outros servi\u00e7os com qualidade e agilidade na entrega.<\/span><\/p>\n<p class=\"MsoNormal\"><span style=\"font-size: 11pt; font-family: Arial;\"> <\/span><\/p>\n<p class=\"MsoNormal\"><strong><span style=\"font-size: 11pt; font-family: Arial;\">Fonte: <\/span><\/strong><span style=\"font-size: 11pt; font-family: Arial;\">DECOM &#8211; Departamento de Comunica\u00e7\u00e3o Social<\/span><\/p>\n","protected":false},"excerpt":{"rendered":"<p>O Governador de Rond\u00f4nia Ivo Cassol (Sem Partido) visitou na manh\u00e3 de hoje, junto com o secret\u00e1rio regional Ari Saraiva, as obras do Anel Vi\u00e1rio e deu a ordem de servi\u00e7o para a constru\u00e7\u00e3o da ponte. Segundo o governador, a ponte ter\u00e1 463 metros e a pavimenta\u00e7\u00e3o ser\u00e1 entre 12 e 15 quil\u00f4metros. O investimento [&hellip;]<\/p>\n","protected":false},"author":3,"featured_media":0,"comment_status":"open","ping_status":"open","sticky":false,"template":"","format":"standard","meta":{"tdm_status":"","tdm_grid_status":"","footnotes":""},"categories":[22],"tags":[],"class_list":{"0":"post-2803","1":"post","2":"type-post","3":"status-publish","4":"format-standard","6":"category-brasil"},"_links":{"self":[{"href":"https:\/\/migracao.redenoticia.com.br\/noticia\/wp-json\/wp\/v2\/posts\/2803","targetHints":{"allow":["GET"]}}],"collection":[{"href":"https:\/\/migracao.redenoticia.com.br\/noticia\/wp-json\/wp\/v2\/posts"}],"about":[{"href":"https:\/\/migracao.redenoticia.com.br\/noticia\/wp-json\/wp\/v2\/types\/post"}],"author":[{"embeddable":true,"href":"https:\/\/migracao.redenoticia.com.br\/noticia\/wp-json\/wp\/v2\/users\/3"}],"replies":[{"embeddable":true,"href":"https:\/\/migracao.redenoticia.com.br\/noticia\/wp-json\/wp\/v2\/comments?post=2803"}],"version-history":[{"count":0,"href":"https:\/\/migracao.redenoticia.com.br\/noticia\/wp-json\/wp\/v2\/posts\/2803\/revisions"}],"wp:attachment":[{"href":"https:\/\/migracao.redenoticia.com.br\/noticia\/wp-json\/wp\/v2\/media?parent=2803"}],"wp:term":[{"taxonomy":"category","embeddable":true,"href":"https:\/\/migracao.redenoticia.com.br\/noticia\/wp-json\/wp\/v2\/categories?post=2803"},{"taxonomy":"post_tag","embeddable":true,"href":"https:\/\/migracao.redenoticia.com.br\/noticia\/wp-json\/wp\/v2\/tags?post=2803"}],"curies":[{"name":"wp","href":"https:\/\/api.w.org\/{rel}","templated":true}]}}