{"id":2825,"date":"2009-06-13T10:36:22","date_gmt":"2009-06-13T14:36:22","guid":{"rendered":"http:\/\/www.redenoticia.com.br\/noticia\/?p=2825"},"modified":"2009-06-13T11:49:03","modified_gmt":"2009-06-13T15:49:03","slug":"8%c2%ba-campeonato-impacto-de-karate-interestilos-em-rondonia","status":"publish","type":"post","link":"https:\/\/migracao.redenoticia.com.br\/noticia\/2009\/8%c2%ba-campeonato-impacto-de-karate-interestilos-em-rondonia\/2825","title":{"rendered":"8\u00ba Campeonato Impacto de Karat\u00ea  Interestilos em Rond\u00f4nia"},"content":{"rendered":"<p class=\"MsoNormal\"><span><span style=\"font-family: 'Times New Roman';\">Realizou- se no ultimo final de semana, dias 06 e 07 de Junho de 2009, o<span> <\/span>8\u00ba Campeonato Impacto de Karat\u00ea Interestilos, a 2\u00aa fase do estadual 2009. O evento contou com cerca de 260 atletas, a partir de 5 anos, onde participaram 14 academias de 12 cidades, como Rolim de Moura, Buritis, Alvorada D\u2019Oeste, S\u00e3o Miguel do Guapor\u00e9, entre outras cidades do estado de Rond\u00f4nia. A equipe Impacto\/Unimed (Ji-Paran\u00e1), se destacou honrando o primeiro lugar na classifica\u00e7\u00e3o, em segundo lugar ficou a equipe Stilus (Ji-Paran\u00e1), seguindo assim, F\u00eanix (Alvorada D\u2019Oeste) em terceiro, Pequeno Drag\u00e3o (Rolim de Moura) em quarto, Drag\u00e3o do Norte (Espig\u00e3o D\u2019Oeste) em quinto lugar.<\/span><\/span><\/p>\n<p class=\"MsoNormal\"><span><span style=\"font-family: 'Times New Roman';\"><span> <\/span>O Campeonato este ano ainda contou com uma novidade, a \u201cCategoria Absoluto\u201d, onde podiam participar atletas masculinos (acima de 18 anos) e femininos (acima de 15 anos), o p\u00fablico adorou a novidade. Os vencedores foram Kleberson Santos, mais conhecido como \u201cZeta\u201d de Ji-Paran\u00e1 e Franciele Quint\u00e3o de Alvorada D\u2019Oeste, al\u00e9m de terem ganhado um Kit Shiroi, ganharam tamb\u00e9m o \u201cCintur\u00e3o Impacto 2009\u201d. O foco do campeonato foi a abertura, onde teve o desfile das delega\u00e7\u00f5es e a apresenta\u00e7\u00e3o da Equipe Impacto\/Unimed de Ji-Paran\u00e1.<\/span><\/span><\/p>\n<p class=\"MsoNormal\"><span><span style=\"font-family: 'Times New Roman';\">Segundo, Marcio Rog\u00e9rio, Faixa Preta 4\u00ba Dan de Karat\u00ea Shorinji-Ryu, o campeonato ocorreu dentro das expectativas, marcado por grandes disputas e lutas emocionantes, \u201cTudo transcorreu muito bem\u201d, frisou. A terceira etapa do Estadual ocorrer\u00e1 em Espig\u00e3o D\u2019Oeste no m\u00eas de Agosto, onde atrav\u00e9s dos resultados, a Federa\u00e7\u00e3o de Karat\u00ea \u2013 FEKIR, selecionar\u00e1 os atletas que ir\u00e3o participar do Campeonato Brasileiro em Jo\u00e3o Pessoa-PB, no m\u00eas de Novembro.<\/span><\/span><\/p>\n<p class=\"MsoNormal\"><span><span style=\"font-family: 'Times New Roman';\"> <\/span><\/span><\/p>\n<p class=\"MsoNormal\"><span><span style=\"font-family: 'Times New Roman';\">Andressa Damiana<\/span><\/span><\/p>\n<p class=\"MsoNormal\"><span><span style=\"font-family: 'Times New Roman';\"> Aluno Rep\u00f3rter<\/span><\/span><\/p>\n","protected":false},"excerpt":{"rendered":"<p>Realizou- se no ultimo final de semana, dias 06 e 07 de Junho de 2009, o 8\u00ba Campeonato Impacto de Karat\u00ea Interestilos, a 2\u00aa fase do estadual 2009. O evento contou com cerca de 260 atletas, a partir de 5 anos, onde participaram 14 academias de 12 cidades, como Rolim de Moura, Buritis, Alvorada D\u2019Oeste, [&hellip;]<\/p>\n","protected":false},"author":2,"featured_media":0,"comment_status":"open","ping_status":"open","sticky":false,"template":"","format":"standard","meta":{"tdm_status":"","tdm_grid_status":"","footnotes":""},"categories":[22],"tags":[],"class_list":{"0":"post-2825","1":"post","2":"type-post","3":"status-publish","4":"format-standard","6":"category-brasil"},"_links":{"self":[{"href":"https:\/\/migracao.redenoticia.com.br\/noticia\/wp-json\/wp\/v2\/posts\/2825","targetHints":{"allow":["GET"]}}],"collection":[{"href":"https:\/\/migracao.redenoticia.com.br\/noticia\/wp-json\/wp\/v2\/posts"}],"about":[{"href":"https:\/\/migracao.redenoticia.com.br\/noticia\/wp-json\/wp\/v2\/types\/post"}],"author":[{"embeddable":true,"href":"https:\/\/migracao.redenoticia.com.br\/noticia\/wp-json\/wp\/v2\/users\/2"}],"replies":[{"embeddable":true,"href":"https:\/\/migracao.redenoticia.com.br\/noticia\/wp-json\/wp\/v2\/comments?post=2825"}],"version-history":[{"count":0,"href":"https:\/\/migracao.redenoticia.com.br\/noticia\/wp-json\/wp\/v2\/posts\/2825\/revisions"}],"wp:attachment":[{"href":"https:\/\/migracao.redenoticia.com.br\/noticia\/wp-json\/wp\/v2\/media?parent=2825"}],"wp:term":[{"taxonomy":"category","embeddable":true,"href":"https:\/\/migracao.redenoticia.com.br\/noticia\/wp-json\/wp\/v2\/categories?post=2825"},{"taxonomy":"post_tag","embeddable":true,"href":"https:\/\/migracao.redenoticia.com.br\/noticia\/wp-json\/wp\/v2\/tags?post=2825"}],"curies":[{"name":"wp","href":"https:\/\/api.w.org\/{rel}","templated":true}]}}