{"id":2840,"date":"2009-06-13T16:49:50","date_gmt":"2009-06-13T20:49:50","guid":{"rendered":"http:\/\/www.redenoticia.com.br\/noticia\/?p=2840"},"modified":"2009-06-13T16:49:50","modified_gmt":"2009-06-13T20:49:50","slug":"laudo-tecnico-orienta-alteracao-da-cavalgada-da-expojipa-em-rondonia","status":"publish","type":"post","link":"https:\/\/migracao.redenoticia.com.br\/noticia\/2009\/laudo-tecnico-orienta-alteracao-da-cavalgada-da-expojipa-em-rondonia\/2840","title":{"rendered":"Laudo t\u00e9cnico orienta altera\u00e7\u00e3o da cavalgada da Expojipa em Rond\u00f4nia"},"content":{"rendered":"<p class=\"MsoNormal\"><span class=\"style451\"><\/span><span class=\"style79\"><span style=\"font-size: 11pt; font-family: Arial;\"><\/p>\n<figure id=\"attachment_1900\" aria-describedby=\"caption-attachment-1900\" style=\"width: 249px\" class=\"wp-caption alignleft\"><a href=\"https:\/\/migracao.redenoticia.com.br\/noticia\/imagens\/\/cavalgada.jpg\"><img loading=\"lazy\" decoding=\"async\" class=\"size-medium wp-image-1900\" title=\"cavalgada\" src=\"https:\/\/migracao.redenoticia.com.br\/noticia\/imagens\/\/cavalgada-249x187.jpg\" alt=\"cavalgada\" width=\"249\" height=\"187\" \/><\/a><figcaption id=\"caption-attachment-1900\" class=\"wp-caption-text\">cavalgada<\/figcaption><\/figure>\n<p><\/span><\/span><span style=\"font-size: 11pt; font-family: Arial;\"><span class=\"style79\">A Promotora de Justi\u00e7a Ana Maria Saldanha Gontijo, da Comarca de Ji-Paran\u00e1, encaminhou of\u00edcios aos organizadores da Exposi\u00e7\u00e3o Agropecu\u00e1ria de Ji-Paran\u00e1 (Expojipa) e autoridades locais para que seja realizada reuni\u00e3o com o objetivo de analisar a possibilidade de altera\u00e7\u00e3o de trajeto da cavalgada do evento, em virtude das obras que est\u00e3o sendo realizadas sobre o Rio Machado<\/span><\/span><\/p>\n<p class=\"MsoNormal\"><span class=\"style79\"><span style=\"font-size: 11pt; font-family: Arial;\">A proposta de mudan\u00e7a tem como objetivo garantir a seguran\u00e7a e integridade f\u00edsica dos participantes da cavalgada em Ji-Paran\u00e1.<\/span><\/span><\/p>\n<p class=\"MsoNormal\"><span class=\"style79\"><\/span><span class=\"style79\"><span style=\"font-size: 11pt; font-family: Arial;\">Aos of\u00edcios foram anexados c\u00f3pia do laudo realizado pelo Corpo de Bombeiros no local do trajeto atual. O documento foi encaminhado ao prefeito de Ji-Paran\u00e1, Jos\u00e9 de Abreu Bianco; ao superintendente da Pol\u00edcia Rodovi\u00e1ria Federal em Ji-Paran\u00e1, Felisberto Rodrigues, ao Procurador da Rep\u00fablica Rudson Coutinho da Silva;ao Delegado Regional da Pol\u00edcia Civil, Ant\u00f4nio Gar\u00e7\u00e3o Sobral Neto, al\u00e9m dos delegados federais, comandantes de Batalh\u00f5es da Pol\u00edcia Militar e Corpo de Bombeiros de Ji-Paran\u00e1, entre outras entidades.<\/span><\/span><\/p>\n<p class=\"MsoNormal\"><span class=\"style79\"><span style=\"font-size: 11pt; font-family: Arial;\">Segundo a assessoria da prefeitura, nesta segunda a comunidade deve ser informada sobre a decis\u00e3o do novo trajeto.<\/span><\/span><span style=\"font-size: 11pt; font-family: Arial;\"><\/span><\/p>\n<p class=\"MsoNormal\"><span style=\"font-size: 11pt; font-family: Arial;\">Assessoria<\/span><\/p>\n","protected":false},"excerpt":{"rendered":"<p>A Promotora de Justi\u00e7a Ana Maria Saldanha Gontijo, da Comarca de Ji-Paran\u00e1, encaminhou of\u00edcios aos organizadores da Exposi\u00e7\u00e3o Agropecu\u00e1ria de Ji-Paran\u00e1 (Expojipa) e autoridades locais para que seja realizada reuni\u00e3o com o objetivo de analisar a possibilidade de altera\u00e7\u00e3o de trajeto da cavalgada do evento, em virtude das obras que est\u00e3o sendo realizadas sobre o [&hellip;]<\/p>\n","protected":false},"author":3,"featured_media":0,"comment_status":"open","ping_status":"open","sticky":false,"template":"","format":"standard","meta":{"tdm_status":"","tdm_grid_status":"","footnotes":""},"categories":[22],"tags":[],"class_list":{"0":"post-2840","1":"post","2":"type-post","3":"status-publish","4":"format-standard","6":"category-brasil"},"_links":{"self":[{"href":"https:\/\/migracao.redenoticia.com.br\/noticia\/wp-json\/wp\/v2\/posts\/2840","targetHints":{"allow":["GET"]}}],"collection":[{"href":"https:\/\/migracao.redenoticia.com.br\/noticia\/wp-json\/wp\/v2\/posts"}],"about":[{"href":"https:\/\/migracao.redenoticia.com.br\/noticia\/wp-json\/wp\/v2\/types\/post"}],"author":[{"embeddable":true,"href":"https:\/\/migracao.redenoticia.com.br\/noticia\/wp-json\/wp\/v2\/users\/3"}],"replies":[{"embeddable":true,"href":"https:\/\/migracao.redenoticia.com.br\/noticia\/wp-json\/wp\/v2\/comments?post=2840"}],"version-history":[{"count":0,"href":"https:\/\/migracao.redenoticia.com.br\/noticia\/wp-json\/wp\/v2\/posts\/2840\/revisions"}],"wp:attachment":[{"href":"https:\/\/migracao.redenoticia.com.br\/noticia\/wp-json\/wp\/v2\/media?parent=2840"}],"wp:term":[{"taxonomy":"category","embeddable":true,"href":"https:\/\/migracao.redenoticia.com.br\/noticia\/wp-json\/wp\/v2\/categories?post=2840"},{"taxonomy":"post_tag","embeddable":true,"href":"https:\/\/migracao.redenoticia.com.br\/noticia\/wp-json\/wp\/v2\/tags?post=2840"}],"curies":[{"name":"wp","href":"https:\/\/api.w.org\/{rel}","templated":true}]}}