{"id":2843,"date":"2009-06-13T16:52:54","date_gmt":"2009-06-13T20:52:54","guid":{"rendered":"http:\/\/www.redenoticia.com.br\/noticia\/?p=2843"},"modified":"2009-06-13T16:52:54","modified_gmt":"2009-06-13T20:52:54","slug":"aviao-fica-parado-em-florianopolis-por-causa-de-passageira-com-sintomas-de-gripe-suina","status":"publish","type":"post","link":"https:\/\/migracao.redenoticia.com.br\/noticia\/2009\/aviao-fica-parado-em-florianopolis-por-causa-de-passageira-com-sintomas-de-gripe-suina\/2843","title":{"rendered":"Avi\u00e3o fica parado em Florian\u00f3polis por causa de passageira com sintomas de gripe su\u00edna"},"content":{"rendered":"<p><span class=\"titulo11\"><\/span><span class=\"assinatura11\"><span style=\"font-size: 11pt; font-family: Arial;\"> <\/span><\/span><span style=\"font-size: 11pt; font-family: Arial; color: windowtext;\">Um avi\u00e3o da companhia a\u00e9rea Gol ficou parado cerca de uma hora no p\u00e1tio do Aeroporto Internacional de Florian\u00f3polis por causa de uma passageira com sintomas de influenza A (H1N1) \u2013 gripe su\u00edna. A aeronave seguia de Buenos Aires, na Argentina, para Bras\u00edlia, com 97 passageiros a bordo, e tinha escala prevista na capital de Santa Catarina.<\/p>\n<p>Segundo informa\u00e7\u00f5es da Empresa Brasileira de Infraestrutura Aeroportu\u00e1ria (Infraero), uma equipe da Ag\u00eancia Nacional de Vigil\u00e2ncia Sanit\u00e1ria (Anvisa) levou a passageira, uma brasileira, a um hospital de refer\u00eancia para fazer exames. <\/span><\/p>\n<p class=\"western\"><span style=\"font-size: 11pt; font-family: Arial; color: windowtext;\">Os passageiros que estavam no voo foram retirados para que a aeronave passasse por um processo de desinfec\u00e7\u00e3o. Das 97 pessoas a bordo, 45 ficaram em Florian\u00f3polis e o restante embarcou, por volta das 12h30 para Guarulhos, em S\u00e3o Paulo, onde estava prevista a pr\u00f3xima escala.<\/span><\/p>\n<p class=\"MsoNormal\" style=\"margin-bottom: 12pt;\"><span class=\"assinatura11\"><span style=\"font-size: 11pt; font-family: Arial;\">Roberta Lopes <\/span><\/span><span style=\"font-size: 11pt; font-family: Arial;\"><br \/>\n<span class=\"assinatura11\"><em><span style=\"font-family: Arial;\">Rep\u00f3rter da Ag\u00eancia Brasil<\/span><\/em><\/span><span class=\"assinatura11\"><span style=\"font-family: Arial;\"> <\/span><\/span><\/span><\/p>\n","protected":false},"excerpt":{"rendered":"<p>Um avi\u00e3o da companhia a\u00e9rea Gol ficou parado cerca de uma hora no p\u00e1tio do Aeroporto Internacional de Florian\u00f3polis por causa de uma passageira com sintomas de influenza A (H1N1) \u2013 gripe su\u00edna. A aeronave seguia de Buenos Aires, na Argentina, para Bras\u00edlia, com 97 passageiros a bordo, e tinha escala prevista na capital de [&hellip;]<\/p>\n","protected":false},"author":3,"featured_media":0,"comment_status":"open","ping_status":"open","sticky":false,"template":"","format":"standard","meta":{"tdm_status":"","tdm_grid_status":"","footnotes":""},"categories":[22,5],"tags":[],"class_list":{"0":"post-2843","1":"post","2":"type-post","3":"status-publish","4":"format-standard","6":"category-brasil","7":"category-saude-e-vida"},"_links":{"self":[{"href":"https:\/\/migracao.redenoticia.com.br\/noticia\/wp-json\/wp\/v2\/posts\/2843","targetHints":{"allow":["GET"]}}],"collection":[{"href":"https:\/\/migracao.redenoticia.com.br\/noticia\/wp-json\/wp\/v2\/posts"}],"about":[{"href":"https:\/\/migracao.redenoticia.com.br\/noticia\/wp-json\/wp\/v2\/types\/post"}],"author":[{"embeddable":true,"href":"https:\/\/migracao.redenoticia.com.br\/noticia\/wp-json\/wp\/v2\/users\/3"}],"replies":[{"embeddable":true,"href":"https:\/\/migracao.redenoticia.com.br\/noticia\/wp-json\/wp\/v2\/comments?post=2843"}],"version-history":[{"count":0,"href":"https:\/\/migracao.redenoticia.com.br\/noticia\/wp-json\/wp\/v2\/posts\/2843\/revisions"}],"wp:attachment":[{"href":"https:\/\/migracao.redenoticia.com.br\/noticia\/wp-json\/wp\/v2\/media?parent=2843"}],"wp:term":[{"taxonomy":"category","embeddable":true,"href":"https:\/\/migracao.redenoticia.com.br\/noticia\/wp-json\/wp\/v2\/categories?post=2843"},{"taxonomy":"post_tag","embeddable":true,"href":"https:\/\/migracao.redenoticia.com.br\/noticia\/wp-json\/wp\/v2\/tags?post=2843"}],"curies":[{"name":"wp","href":"https:\/\/api.w.org\/{rel}","templated":true}]}}