{"id":28443,"date":"2010-05-23T19:08:28","date_gmt":"2010-05-23T23:08:28","guid":{"rendered":"http:\/\/www.redenoticia.com.br\/noticia\/?p=28443"},"modified":"2010-05-23T19:08:28","modified_gmt":"2010-05-23T23:08:28","slug":"31%c2%aa-expojipa-lancada-com-sucesso","status":"publish","type":"post","link":"https:\/\/migracao.redenoticia.com.br\/noticia\/2010\/31%c2%aa-expojipa-lancada-com-sucesso\/28443","title":{"rendered":"31\u00aa EXPOJIPA lan\u00e7ada com sucesso"},"content":{"rendered":"<p><span style=\"font-size: small;\"><span style=\"font-family: Arial;\"><img loading=\"lazy\" decoding=\"async\" class=\"alignleft size-full wp-image-28446\" title=\"Solivan no lancamento da Expojipa 2010\" src=\"https:\/\/migracao.redenoticia.com.br\/noticia\/imagens\/Solivan-no-lancamento-da-Expojipa-2010.jpg\" alt=\"\" width=\"300\" height=\"198\" srcset=\"https:\/\/migracao.redenoticia.com.br\/noticia\/imagens\/Solivan-no-lancamento-da-Expojipa-2010.jpg 300w, https:\/\/migracao.redenoticia.com.br\/noticia\/imagens\/Solivan-no-lancamento-da-Expojipa-2010-250x165.jpg 250w, https:\/\/migracao.redenoticia.com.br\/noticia\/imagens\/Solivan-no-lancamento-da-Expojipa-2010-150x99.jpg 150w\" sizes=\"auto, (max-width: 300px) 100vw, 300px\" \/>Foi lan\u00e7ada oficialmente nesta sexta-feira (21), a 31\u00aa edi\u00e7\u00e3o da Exposi\u00e7\u00e3o Agropecu\u00e1ria, Industrial e Comercial de Ji-Paran\u00e1 (EXPOJIPA), nas depend\u00eancias do parque de Exposi\u00e7\u00f5es Herm\u00ednio Victorelli. O evento reuniu a diretoria da Associa\u00e7\u00e3o Rural de Rond\u00f4nia, autoridades, parceiros e imprensa em geral.<\/span><\/span><\/p>\n<p><span style=\"font-size: small;\"><span style=\"font-family: Arial;\">Muito emocionado o presidente da<\/span><\/span><span style=\"font-size: small;\"><span style=\"font-family: Arial;\"> feira, Solivan Lima Chaves, falou:<\/span><\/span><span style=\"font-size: small;\"><span style=\"font-family: Arial;\"> \u201c Estamos trabalhando muito para que a Expojipa 2010,seja um<\/span><\/span><span style=\"font-size: small;\"><span style=\"font-family: Arial;\">a grande festa.Este ano o que queremos \u00e9 uma festa ainda mais popular. Por isso receberemos mais de seis mil alunos da zona rural durante uma tarde aqui no parque e ainda teremos um espa\u00e7o para cadeirantes na arena de rodeio\u201d, concluiu Solivan.<\/span><\/span><\/p>\n<p><span style=\"font-size: small;\"><span style=\"font-family: Arial;\">Durante o lan\u00e7amento<\/span><\/span><span style=\"font-size: small;\"><span style=\"font-family: Arial;\"> a vereadora Solange Pereira (PMDB) \u00a0mostrou uma guia<\/span><\/span><span style=\"font-size: small;\"><span style=\"font-family: Arial;\"> de dep\u00f3sito no valor de <\/span><\/span><span style=\"font-size: small;\"><span style=\"font-family: Arial;\">R$ <\/span><\/span><span style=\"font-size: small;\"><span style=\"font-family: Arial;\">1 milh\u00e3<\/span><\/span><span style=\"font-size: small;\"><span style=\"font-family: Arial;\">o. Trata-se da primeira parcela do valo<\/span><\/span><span style=\"font-size: small;\"><span style=\"font-family: Arial;\">r de <\/span><\/span><span style=\"font-size: small;\"><span style=\"font-family: Arial;\">R$ 2,5 milh\u00f5es que <\/span><\/span><span style=\"font-size: small;\"><span style=\"font-family: Arial;\">ser\u00e3o utilizados para a constru\u00e7\u00e3o da arena de rode<\/span><\/span><span style=\"font-size: small;\"><span style=\"font-family: Arial;\">io do Parque de Exposi\u00e7\u00f5es Herm\u00ed<\/span><\/span><span style=\"font-size: small;\"><span style=\"font-family: Arial;\">nio Victorelli.<\/span><\/span><span style=\"font-family: Arial;\"> <\/span><span style=\"font-size: small;\"><span style=\"font-family: Arial;\">\u201dInfelizmente o Senador Raupp <\/span><\/span><span style=\"font-size: small;\"><span style=\"font-family: Arial;\">tinha outros <\/span><\/span><span style=\"font-size: small;\"><span style=\"font-family: Arial;\">compromissos,<\/span><\/span><span style=\"font-size: small;\"><span style=\"font-family: Arial;\"> mas <\/span><\/span><span style=\"font-size: small;\"><span style=\"font-family: Arial;\">sinto<\/span><\/span><span style=\"font-size: small;\"><span style=\"font-family: Arial;\">-me <\/span><\/span><span style=\"font-size: small;\"><span style=\"font-family: Arial;\">feliz em <\/span><\/span><span style=\"font-size: small;\"><span style=\"font-family: Arial;\">poder dizer para todos <\/span><\/span><span style=\"font-size: small;\"><span style=\"font-family: Arial;\">que es<\/span><\/span><span style=\"font-size: small;\"><span style=\"font-family: Arial;\">te documento que comprova o dep\u00f3<\/span><\/span><span style=\"font-size: small;\"><span style=\"font-family: Arial;\">sito da primeira parcela, para constru\u00e7\u00e3o da arena \u00e9 mais uma prova do compromisso do Senador Raupp com a Expojipa\u201d, disse a Solange Pereira.<\/span><\/span><\/p>\n<p><span style=\"font-size: small;\"><span style=\"font-family: Arial;\">A solenidade de lan\u00e7amento da 31\u00aa ainda contou com show musical de Adriana e Banda com participa\u00e7\u00e3o <\/span><\/span><span style=\"font-size: small;\"><span style=\"font-family: Arial;\">especial da d<\/span><\/span><span style=\"font-size: small;\"><span style=\"font-family: Arial;\">upla Diego e Maciel e da cantora e radialista Helen Basso.<\/span><\/span><\/p>\n<p><span style=\"font-size: small;\"><span style=\"font-family: Arial;\">Muitas autoridades estiveram presentes ao evento, entre elas, Deputado Federal, Anselmo de Jesus, <\/span><\/span><span style=\"font-size: small;\"><span style=\"font-family: Arial;\">Deputado Estadual, <\/span><\/span><span style=\"font-size: small;\"><span style=\"font-family: Arial;\">Jesualdo Pires, Secr<\/span><\/span><span style=\"font-size: small;\"><span style=\"font-family: Arial;\">et\u00e1<\/span><\/span><span style=\"font-size: small;\"><span style=\"font-family: Arial;\">rio Municipal de Agricultura, Reinaldo Pereira, <\/span><\/span><span style=\"font-size: small;\"><span style=\"font-family: Arial;\">Presidente da C\u00e2mara de Vereadores Nilton Cesar Rios, Chefe da Pol\u00edcia Rodovi\u00e1ria Federal \u2013 Delegacia de Ji-Paran\u00e1, Seb<\/span><\/span><span style=\"font-size: small;\"><span style=\"font-family: Arial;\">asti\u00e3o Cazaroto, Comandante do 2\u00ba<\/span><\/span><span style=\"font-size: small;\"><span style=\"font-family: Arial;\"> BPM, Ten<\/span><\/span><span style=\"font-size: small;\"><span style=\"font-family: Arial;\">. Cel \u00c2<\/span><\/span><span style=\"font-size: small;\"><span style=\"font-family: Arial;\">ngelo Pinto, Comandante Corpo de Bombeiros<\/span><\/span><span style=\"font-size: small;\"><span style=\"font-family: Arial;\">,<\/span><\/span><span style=\"font-size: small;\"><span style=\"font-family: Arial;\"> Capit\u00e3o Eloi, presidente da ACIJIP, Marcito Pinto, ex-senador Expedito J\u00fanior, Diretor Financeiro da CDL, Huberman Carneiro, Coordenadora do Hospital de C\u00e2ncer de Barretos, Naima Khatib, Secret\u00e1rio Municipal de Obras e s\u00f3cio fundador da ARR, Assis Canuto, ex-presidente da ARR, Coriolano Nogueira Franco, Engenheiro Civil, Miguel de Souza, Gerente da Emater de Ji-Paran\u00e1, Ivaldo Regalado, Deputado Federal, Mauro Nazif<\/span><\/span><span style=\"font-size: small;\"><span style=\"font-family: Arial;\">, v<\/span><\/span><span style=\"font-size: small;\"><span style=\"font-family: Arial;\">ereadores M\u00e1r<\/span><\/span><span style=\"font-size: small;\"><span style=\"font-family: Arial;\">cia Regina, Solange Pereira, Kl\u00e9<\/span><\/span><span style=\"font-size: small;\"><span style=\"font-family: Arial;\">cius Modesto, Nair Barreto,<\/span><\/span><span style=\"font-family: Arial;\"> <\/span><span style=\"font-size: small;\"><span style=\"font-family: Arial;\">Joziel Carlos<\/span><\/span><span style=\"font-size: small;\"><span style=\"font-family: Arial;\"> de Brito<\/span><\/span><span style=\"font-size: small;\"><span style=\"font-family: Arial;\"> e Sargento Rubi<\/span><\/span><span style=\"font-size: small;\"><span style=\"font-family: Arial;\">.<\/span><\/span><\/p>\n<p><span style=\"font-size: small;\"><span style=\"font-family: Arial;\">A 31<\/span><\/span><span style=\"font-size: small;\"><span style=\"font-family: Arial;\">\u00aa Expojipa vai aco<\/span><\/span><span style=\"font-size: small;\"><span style=\"font-family: Arial;\">ntecer este ano no per\u00edodo de 10 a 18<\/span><\/span><span style=\"font-size: small;\"><span style=\"font-family: Arial;\"> de julho. Para a festa, j\u00e1 est\u00e3o <\/span><\/span><span style=\"font-size: small;\"><span style=\"font-family: Arial;\">contratados<\/span><\/span><span style=\"font-size: small;\"><span style=\"font-family: Arial;\"> os shows da dupla <\/span><\/span><span style=\"font-size: small;\"><span style=\"font-family: Arial;\">Bru<\/span><\/span><span style=\"font-size: small;\"><span style=\"font-family: Arial;\">no e Marrone <\/span><\/span><span style=\"font-size: small;\"><span style=\"font-family: Arial;\">(10), Luan Santana<\/span><\/span><span style=\"font-family: Arial;\"> <\/span><span style=\"font-size: small;\"><span style=\"font-family: Arial;\">(15), <\/span><\/span><span style=\"font-size: small;\"><span style=\"font-family: Arial;\">Claudia Leitte (16) e Amado Batista<\/span><\/span><span style=\"font-family: Arial;\"> <\/span><span style=\"font-size: small;\"><span style=\"font-family: Arial;\">(17). <\/span><\/span><\/p>\n<p><span style=\"font-size: small;\"><span style=\"font-family: Arial;\">No show de pr\u00eamios, ser\u00e3o sorteadas <\/span><\/span><span style=\"font-size: small;\"><span style=\"font-family: Arial;\">duas<\/span><\/span><span style=\"font-size: small;\"><span style=\"font-family: Arial;\"> caminhonetes S-10 Flex Power<\/span><\/span><span style=\"font-size: small;\"><span style=\"font-family: Arial;\">, um Gol e um Fiat Uno.<\/span><\/span><\/p>\n<p><span style=\"font-size: small;\"><span style=\"font-family: Arial;\">O rodeio vai reunir o melhor time de narradores do Brasil. Est\u00e3o confirmadas as presen\u00e7as <\/span><\/span><span style=\"font-size: small;\"><span style=\"font-family: Arial;\">de Cleber Costa, Marcos Vin\u00edcius, Adriano do Vale e Waltinho dos Santos<\/span><\/span><span style=\"font-size: small;\"><span style=\"font-family: Arial;\">.<\/span><\/span><\/p>\n<p><span style=\"font-size: small;\"><span style=\"font-family: Arial;\">A principal novidade do rodeio este ano \u00e9 a contrata\u00e7\u00e3o de um dos maiores \u00edcones do mundo do rodeio: Marcelo Rodrigues, conhecido como \u201cO Palha\u00e7o Meia-Sola\u201d. Ele<\/span><\/span><span style=\"font-size: small;\"><span style=\"font-family: Arial;\"> est\u00e1 de volta ao Brasil, ap\u00f3s quatro<\/span><\/span><span style=\"font-size: small;\"><span style=\"font-family: Arial;\"> anos longe das arenas, viajando pelo mundo e tendo experi\u00eancia inclusive no Cirque Du Soleil.<\/span><\/span><\/p>\n<p><span style=\"font-size: small;\"><span style=\"font-family: Arial;\">A 3<\/span><\/span><span style=\"font-size: small;\"><span style=\"font-family: Arial;\">1<\/span><\/span><span style=\"font-size: small;\"><span style=\"font-family: Arial;\">\u00aa Expojipa ainda reserva em sua programa\u00e7\u00e3o: leil\u00f5es, julgamento de animais, concurso leiteiro, exposi\u00e7\u00e3o de produtos diversos e animais, palestras, parque de divers\u00f5es e grande show pirot\u00e9cnico.<\/span><\/span><\/p>\n<p><span style=\"font-size: small;\"><span style=\"font-family: Arial;\">A expectativa da Associa\u00e7\u00e3o Rural \u00e9 de superar marca dos 300 mil visitantes nos nove dias de festa<\/span><\/span><\/p>\n","protected":false},"excerpt":{"rendered":"<p>Foi lan\u00e7ada oficialmente nesta sexta-feira (21), a 31\u00aa edi\u00e7\u00e3o da Exposi\u00e7\u00e3o Agropecu\u00e1ria, Industrial e Comercial de Ji-Paran\u00e1 (EXPOJIPA), nas depend\u00eancias do parque de Exposi\u00e7\u00f5es Herm\u00ednio Victorelli. O evento reuniu a diretoria da Associa\u00e7\u00e3o Rural de Rond\u00f4nia, autoridades, parceiros e imprensa em geral. Muito emocionado o presidente da feira, Solivan Lima Chaves, falou: \u201c Estamos trabalhando [&hellip;]<\/p>\n","protected":false},"author":2,"featured_media":28446,"comment_status":"open","ping_status":"open","sticky":false,"template":"","format":"standard","meta":{"tdm_status":"","tdm_grid_status":"","footnotes":""},"categories":[388],"tags":[],"class_list":{"0":"post-28443","1":"post","2":"type-post","3":"status-publish","4":"format-standard","5":"has-post-thumbnail","7":"category-destaques"},"_links":{"self":[{"href":"https:\/\/migracao.redenoticia.com.br\/noticia\/wp-json\/wp\/v2\/posts\/28443","targetHints":{"allow":["GET"]}}],"collection":[{"href":"https:\/\/migracao.redenoticia.com.br\/noticia\/wp-json\/wp\/v2\/posts"}],"about":[{"href":"https:\/\/migracao.redenoticia.com.br\/noticia\/wp-json\/wp\/v2\/types\/post"}],"author":[{"embeddable":true,"href":"https:\/\/migracao.redenoticia.com.br\/noticia\/wp-json\/wp\/v2\/users\/2"}],"replies":[{"embeddable":true,"href":"https:\/\/migracao.redenoticia.com.br\/noticia\/wp-json\/wp\/v2\/comments?post=28443"}],"version-history":[{"count":0,"href":"https:\/\/migracao.redenoticia.com.br\/noticia\/wp-json\/wp\/v2\/posts\/28443\/revisions"}],"wp:featuredmedia":[{"embeddable":true,"href":"https:\/\/migracao.redenoticia.com.br\/noticia\/wp-json\/wp\/v2\/media\/28446"}],"wp:attachment":[{"href":"https:\/\/migracao.redenoticia.com.br\/noticia\/wp-json\/wp\/v2\/media?parent=28443"}],"wp:term":[{"taxonomy":"category","embeddable":true,"href":"https:\/\/migracao.redenoticia.com.br\/noticia\/wp-json\/wp\/v2\/categories?post=28443"},{"taxonomy":"post_tag","embeddable":true,"href":"https:\/\/migracao.redenoticia.com.br\/noticia\/wp-json\/wp\/v2\/tags?post=28443"}],"curies":[{"name":"wp","href":"https:\/\/api.w.org\/{rel}","templated":true}]}}