{"id":28450,"date":"2010-05-23T19:17:24","date_gmt":"2010-05-23T23:17:24","guid":{"rendered":"http:\/\/www.redenoticia.com.br\/noticia\/?p=28450"},"modified":"2010-05-23T19:17:24","modified_gmt":"2010-05-23T23:17:24","slug":"anunciado-asfalto-para-bairro-sao-sebastiao-ii-em-porto-velho","status":"publish","type":"post","link":"https:\/\/migracao.redenoticia.com.br\/noticia\/2010\/anunciado-asfalto-para-bairro-sao-sebastiao-ii-em-porto-velho\/28450","title":{"rendered":"Anunciado asfalto para bairro S\u00e3o Sebasti\u00e3o II em Porto Velho"},"content":{"rendered":"<p><span style=\"font-family: Arial;\"><span style=\"font-size: small;\"><img loading=\"lazy\" decoding=\"async\" class=\"alignleft size-full wp-image-28451\" title=\"Reuniao no bairro Sao Sebastiao em Porto Velho\" src=\"https:\/\/migracao.redenoticia.com.br\/noticia\/imagens\/Reuniao-no-bairro-Sao-Sebastiao-em-Porto-Velho.jpg\" alt=\"\" width=\"300\" height=\"200\" srcset=\"https:\/\/migracao.redenoticia.com.br\/noticia\/imagens\/Reuniao-no-bairro-Sao-Sebastiao-em-Porto-Velho.jpg 300w, https:\/\/migracao.redenoticia.com.br\/noticia\/imagens\/Reuniao-no-bairro-Sao-Sebastiao-em-Porto-Velho-250x166.jpg 250w, https:\/\/migracao.redenoticia.com.br\/noticia\/imagens\/Reuniao-no-bairro-Sao-Sebastiao-em-Porto-Velho-150x100.jpg 150w\" sizes=\"auto, (max-width: 300px) 100vw, 300px\" \/>Durante uma reuni\u00e3o com mais de <\/span><\/span><span style=\"font-family: Arial;\"><span style=\"font-size: small;\">trezentos <\/span><\/span><span style=\"font-family: Arial;\"><span style=\"font-size: small;\">moradores<\/span><\/span><span style=\"font-family: Arial;\"><span style=\"font-size: small;\"> na tarde deste s\u00e1bado,<\/span><\/span> <span style=\"font-family: Arial;\"><span style=\"font-size: small;\">22, o prefeito Roberto Sobrinho anunciou o asfalto para mais nove ruas do bairro S\u00e3o Sebasti\u00e3o II.<\/span><\/span> <span style=\"font-family: Arial;\"><span style=\"font-size: small;\">Entre as ruas que come\u00e7am a ser asfaltadas j\u00e1 nesta ter\u00e7a feira, est\u00e3o a <\/span><\/span><span style=\"font-family: Arial;\"><span style=\"font-size: small;\">Paulo <\/span><\/span><span style=\"font-family: Arial;\"><span style=\"font-size: small;\">C<\/span><\/span><span style=\"font-family: Arial;\"><span style=\"font-size: small;\">aldas, Los Angeles<\/span><\/span><span style=\"font-family: Arial;\"><span style=\"font-size: small;\">, <\/span><\/span><span style=\"font-family: Arial;\"><span style=\"font-size: small;\">Tom\u00e9 de Souza<\/span><\/span><span style=\"font-family: Arial;\"><span style=\"font-size: small;\">, <\/span><\/span><span style=\"font-family: Arial;\"><span style=\"font-size: small;\">Darci Vargas<\/span><\/span><span style=\"font-family: Arial;\"><span style=\"font-size: small;\">, <\/span><\/span><span style=\"font-family: Arial;\"><span style=\"font-size: small;\">Duarte da <\/span><\/span><span style=\"font-family: Arial;\"><span style=\"font-size: small;\">C<\/span><\/span><span style=\"font-family: Arial;\"><span style=\"font-size: small;\">osta<\/span><\/span><span style=\"font-family: Arial;\"><span style=\"font-size: small;\">, <\/span><\/span><span style=\"font-family: Arial;\"><span style=\"font-size: small;\">Paulo<\/span><\/span><span style=\"font-family: Arial;\"><span style=\"font-size: small;\"> C<\/span><\/span><span style=\"font-family: Arial;\"><span style=\"font-size: small;\">oelho<\/span><\/span><span style=\"font-family: Arial;\"><span style=\"font-size: small;\">, <\/span><\/span><span style=\"font-family: Arial;\"><span style=\"font-size: small;\">Limeira<\/span><\/span><span style=\"font-family: Arial;\"><span style=\"font-size: small;\">, <\/span><\/span><span style=\"font-family: Arial;\"><span style=\"font-size: small;\">Marab\u00e1<\/span><\/span><span style=\"font-family: Arial;\"><span style=\"font-size: small;\">, <\/span><\/span><span style=\"font-family: Arial;\"><span style=\"font-size: small;\">Giru\u00e1<\/span><\/span><span style=\"font-family: Arial;\"><span style=\"font-size: small;\"> e o Beco Gravatal.\u00a0 Ao todo ser\u00e3o mais <\/span><\/span><span style=\"font-family: Arial;\"><span style=\"font-size: small;\">2 quil\u00f4metros<\/span><\/span><span style=\"font-family: Arial;\"><span style=\"font-size: small;\"> de asfalto nesta \u00e1rea fechando a etapa de asfalto j\u00e1 realizadas nos bairros C<\/span><\/span><span style=\"font-family: Arial;\"><span style=\"font-size: small;\">osta e <\/span><\/span><span style=\"font-family: Arial;\"><span style=\"font-size: small;\">S<\/span><\/span><span style=\"font-family: Arial;\"><span style=\"font-size: small;\">ilva e o <\/span><\/span><span style=\"font-family: Arial;\"><span style=\"font-size: small;\">S\u00e3o <\/span><\/span><span style=\"font-family: Arial;\"><span style=\"font-size: small;\">Sebasti\u00e3o<\/span><\/span><span style=\"font-family: Arial;\"><span style=\"font-size: small;\"> I.<\/span><\/span><\/p>\n<p><span style=\"font-family: Arial;\"><span style=\"font-size: small;\">J\u00e1 na pr\u00f3xima semana a secretaria municipal de Obras<\/span><\/span><span style=\"font-family: Arial;\"><span style=\"font-size: small;\">, Semob, come\u00e7a a limpeza das ruas, o trabalho de base, sub base e finalmente a capa asf\u00e1ltica. Este servi\u00e7o deve durar cerca de tr\u00eas a quatro semanas e ser\u00e1 executado com recursos pr\u00f3prios da prefeitura da capital. O asfaltamento do bairro S\u00e3o Sebasti\u00e3o II \u00e9 mais uma meta determinada pelo prefeito Roberto Sobrinho, que no ano passado realizou cerca de <\/span><\/span><span style=\"font-family: Arial;\"><span style=\"font-size: small;\">10 km<\/span><\/span><span style=\"font-family: Arial;\"><span style=\"font-size: small;\"> de asfalto na capital e para este ano j\u00e1 determinou mais <\/span><\/span><span style=\"font-family: Arial;\"><span style=\"font-size: small;\">20 km<\/span><\/span><span style=\"font-family: Arial;\"><span style=\"font-size: small;\">. \u201cN\u00f3s ficamos muito satisfeitos em poder <\/span><\/span><span style=\"font-family: Arial;\"><span style=\"font-size: small;\">cumprir estas metas e ver como a popula\u00e7\u00e3o fica agradecida<\/span><\/span><span style=\"font-family: Arial;\"><span style=\"font-size: small;\"> e reconhece o nosso trabalho e o <\/span><\/span><span style=\"font-family: Arial;\"><span style=\"font-size: small;\">empenho desta administra\u00e7\u00e3o<\/span><\/span> <span style=\"font-family: Arial;\"><span style=\"font-size: small;\">que tem atendido na medida do poss\u00edvel a tod<\/span><\/span><span style=\"font-family: Arial;\"><span style=\"font-size: small;\">as as sol<\/span><\/span><span style=\"font-family: Arial;\"><span style=\"font-size: small;\">icita\u00e7\u00f5es dos moradores nos mais diferentes bairros da capital\u201d disse o secret\u00e1rio municipal de Obras, Marcelo Fernandes<\/span><\/span><span style=\"font-family: Arial;\"><span style=\"font-size: small;\">, que antes da reuni\u00e3o tamb\u00e9m<\/span><\/span><span style=\"font-family: Arial;\"><span style=\"font-size: small;\"> esteve com o prefeito<\/span><\/span><span style=\"font-family: Arial;\"><span style=\"font-size: small;\"> Roberto Sobrinho<\/span><\/span><span style=\"font-family: Arial;\"><span style=\"font-size: small;\"> no<\/span><\/span><span style=\"font-family: Arial;\"><span style=\"font-size: small;\">s<\/span><\/span><span style=\"font-family: Arial;\"><span style=\"font-size: small;\"> bairro<\/span><\/span><span style=\"font-family: Arial;\"><span style=\"font-size: small;\">s<\/span><\/span><span style=\"font-family: Arial;\"><span style=\"font-size: small;\"> Cohab e Jardim Eldorado onde foram asfaltadas mais algumas ruas nesta semana.<\/span><\/span><\/p>\n<p><strong><em><span style=\"font-family: Arial;\"><span style=\"font-size: small;\">A\u00e7\u00f5es e desenvolvimento<\/span><\/span><\/em><\/strong><\/p>\n<p><span style=\"font-family: Arial;\"><span style=\"font-size: small;\">Durante o encontro com os moradores do S\u00e3o Sebasti\u00e3o II, o prefeito Roberto Sobrinho falou de algumas a\u00e7\u00f5es j\u00e1 realizadas que contam sempre com o apoio do presidente Lula e tamb\u00e9m do bom momento em que vive o munic\u00edpio<\/span><\/span> <span style=\"font-family: Arial;\"><span style=\"font-size: small;\">que caminha para o desenvolvimento a passos largos. \u201c Esta \u00e1rea da cidade tem sido um das mais beneficiadas. Estamos concluindo at\u00e9 o final deste ano a liga\u00e7\u00e3o da Faquar at\u00e9 o Belmont, vamos ter o Arco Norte, que vai desafogar o tr\u00e1fego de caminh\u00f5es e carretas\u00a0 por uma via pr\u00f3pria para cargas pesadas<\/span><\/span><span style=\"font-family: Arial;\"><span style=\"font-size: small;\">, al\u00e9m disso temos <\/span><\/span><span style=\"font-family: Arial;\"><span style=\"font-size: small;\">outras grandes obras<\/span><\/span> <span style=\"font-family: Arial;\"><span style=\"font-size: small;\">como a ponte do Rio Madeira em parceria com o Denit, <\/span><\/span><span style=\"font-family: Arial;\"><span style=\"font-size: small;\">os viadut<\/span><\/span><span style=\"font-family: Arial;\"><span style=\"font-size: small;\">os que v\u00e3o desafogar o tr\u00e2nsito direcionado a v\u00e1rios pontos da cidade entre outras. \u00c9 um conjunto de a\u00e7\u00f5es que est\u00e3o sendo realizadas para melhorar a qualidade de vida da nossa popula\u00e7\u00e3o\u201d enfatizou o prefeito.<\/span><\/span><\/p>\n<p><span style=\"font-family: Arial;\"><span style=\"font-size: small;\">Acompanharam o prefeito Roberto Sobrinho, o presidente da C\u00e2mara Municipal de Porto Velho, Herm\u00ednio Coelho, o secret\u00e1rio municipal de Obras, Marcelo Fernandes, os vereadores Epif\u00e2nia Barbosa, Claudio da Padaria, o ex secret\u00e1rio de Projetos e Obras Especiais, Israel Xavier entre outros assessores.<\/span><\/span><\/p>\n","protected":false},"excerpt":{"rendered":"<p>Durante uma reuni\u00e3o com mais de trezentos moradores na tarde deste s\u00e1bado, 22, o prefeito Roberto Sobrinho anunciou o asfalto para mais nove ruas do bairro S\u00e3o Sebasti\u00e3o II. Entre as ruas que come\u00e7am a ser asfaltadas j\u00e1 nesta ter\u00e7a feira, est\u00e3o a Paulo Caldas, Los Angeles, Tom\u00e9 de Souza, Darci Vargas, Duarte da Costa, [&hellip;]<\/p>\n","protected":false},"author":2,"featured_media":0,"comment_status":"open","ping_status":"open","sticky":false,"template":"","format":"standard","meta":{"tdm_status":"","tdm_grid_status":"","footnotes":""},"categories":[22],"tags":[],"class_list":{"0":"post-28450","1":"post","2":"type-post","3":"status-publish","4":"format-standard","6":"category-brasil"},"_links":{"self":[{"href":"https:\/\/migracao.redenoticia.com.br\/noticia\/wp-json\/wp\/v2\/posts\/28450","targetHints":{"allow":["GET"]}}],"collection":[{"href":"https:\/\/migracao.redenoticia.com.br\/noticia\/wp-json\/wp\/v2\/posts"}],"about":[{"href":"https:\/\/migracao.redenoticia.com.br\/noticia\/wp-json\/wp\/v2\/types\/post"}],"author":[{"embeddable":true,"href":"https:\/\/migracao.redenoticia.com.br\/noticia\/wp-json\/wp\/v2\/users\/2"}],"replies":[{"embeddable":true,"href":"https:\/\/migracao.redenoticia.com.br\/noticia\/wp-json\/wp\/v2\/comments?post=28450"}],"version-history":[{"count":0,"href":"https:\/\/migracao.redenoticia.com.br\/noticia\/wp-json\/wp\/v2\/posts\/28450\/revisions"}],"wp:attachment":[{"href":"https:\/\/migracao.redenoticia.com.br\/noticia\/wp-json\/wp\/v2\/media?parent=28450"}],"wp:term":[{"taxonomy":"category","embeddable":true,"href":"https:\/\/migracao.redenoticia.com.br\/noticia\/wp-json\/wp\/v2\/categories?post=28450"},{"taxonomy":"post_tag","embeddable":true,"href":"https:\/\/migracao.redenoticia.com.br\/noticia\/wp-json\/wp\/v2\/tags?post=28450"}],"curies":[{"name":"wp","href":"https:\/\/api.w.org\/{rel}","templated":true}]}}