{"id":28453,"date":"2010-05-23T19:27:18","date_gmt":"2010-05-23T23:27:18","guid":{"rendered":"http:\/\/www.redenoticia.com.br\/noticia\/?p=28453"},"modified":"2010-05-23T19:27:18","modified_gmt":"2010-05-23T23:27:18","slug":"prefeitura-promove-oficinas-de-educacao-patrimonial-cultural-e-ambiental","status":"publish","type":"post","link":"https:\/\/migracao.redenoticia.com.br\/noticia\/2010\/prefeitura-promove-oficinas-de-educacao-patrimonial-cultural-e-ambiental\/28453","title":{"rendered":"Prefeitura promove oficinas de educa\u00e7\u00e3o patrimonial, cultural e ambiental"},"content":{"rendered":"<p><span style=\"font-family: Arial;\"><img loading=\"lazy\" decoding=\"async\" class=\"alignleft size-full wp-image-28454\" title=\"Reuniao rede veiculos em Porto Velho\" src=\"https:\/\/migracao.redenoticia.com.br\/noticia\/imagens\/Reuniao-rede-veiculos-em-Porto-Velho.jpg\" alt=\"\" width=\"300\" height=\"200\" srcset=\"https:\/\/migracao.redenoticia.com.br\/noticia\/imagens\/Reuniao-rede-veiculos-em-Porto-Velho.jpg 300w, https:\/\/migracao.redenoticia.com.br\/noticia\/imagens\/Reuniao-rede-veiculos-em-Porto-Velho-250x166.jpg 250w, https:\/\/migracao.redenoticia.com.br\/noticia\/imagens\/Reuniao-rede-veiculos-em-Porto-Velho-150x100.jpg 150w\" sizes=\"auto, (max-width: 300px) 100vw, 300px\" \/>A Funda\u00e7\u00e3o Municipal de Cultura Iaripuna vai promover <\/span><span style=\"font-family: Arial;\">as<\/span><span style=\"font-family: Arial;\"> oficinas \u2018Educa\u00e7\u00e3o Patrimonial, Cultural e Ambiental\u2019 com moradores dos distritos e tamb\u00e9m da \u00e1rea urbana <\/span><span style=\"font-family: Arial;\">de Porto Velho<\/span><span style=\"font-family: Arial;\">. O objetivo do trabalho \u00e9 sensibilizar a comunidade sobre o patrim\u00f4nio cultural e hist\u00f3rico de cada regi\u00e3o, para que os moradores saibam reconhecer este acervo e tamb\u00e9m tenham condi\u00e7\u00f5es de defend<\/span><span style=\"font-family: Arial;\">\u00ea<\/span><span style=\"font-family: Arial;\">-lo e preserv\u00e1-lo, segundo o chefe da Divis\u00e3o do Patrim\u00f4nio Hist\u00f3rico e Cultural<\/span><span style=\"font-family: Arial;\"> da Iaripuna<\/span><span style=\"font-family: Arial;\">, Carlos Macedo Mado. As primeiras oficinas ser\u00e3o realizadas nos distritos localizados ao longo da Estrada de Ferro Madeira-Mamor\u00e9, uma regi\u00e3o do munic\u00edpio que<\/span><span style=\"font-family: Arial;\"> <\/span><span style=\"font-family: Arial;\">passa por grandes transforma\u00e7\u00f5es com a constru\u00e7\u00e3o das UHE de Santo Ant\u00f4nio e Jirau.<\/span><span style=\"font-family: Arial;\"> <\/span><span style=\"font-family: Arial;\">\u201cO nosso objetivo \u00e9 preparar <\/span><span style=\"font-family: Arial;\">os moradores<\/span><span style=\"font-family: Arial;\"> para participar<\/span><span style=\"font-family: Arial;\">em<\/span><span style=\"font-family: Arial;\"> das pol\u00edticas p\u00fablicas, obedecendo <\/span><span style=\"font-family: Arial;\">aos princ\u00edpios da<\/span><span style=\"font-family: Arial;\"> gest\u00e3o participativa, <\/span><span style=\"font-family: Arial;\"> explica Mado.<\/span><\/p>\n<p><span style=\"font-family: Arial;\">As tr\u00eas primeiras oficinas ser\u00e3o realizadas nos dias 26, 27 e 28 de maio em Jacy, Mutum e Abun\u00e3, com a utiliza\u00e7\u00e3o de t\u00e9cnicas de sensibiliza\u00e7\u00e3o para que os participantes despertem para a import\u00e2ncia da cultura e da hist\u00f3ria do lugar. O trabalho tamb\u00e9m visa preparar o cidad\u00e3o para a preserva\u00e7\u00e3o destes bens imateriais, explica Mado. As oficinas ser<\/span><span style=\"font-family: Arial;\">\u00e3o documentadas <\/span><span style=\"font-family: Arial;\">em v\u00eddeos. Posteriormente<\/span><span style=\"font-family: Arial;\"> ser\u00e3o ministradas oficinas no centro urbano da Capital e nos distritos de S\u00e3o Carlos, Nazar\u00e9 e Calama. Maiores informa\u00e7\u00f5es sobre o evento podem ser adquiridas na s<\/span><span style=\"font-family: Arial;\">ede da Iaripuna, localizada na A<\/span><span style=\"font-family: Arial;\">venida Tenreiro Aranha, 3275, telefone 3901-3265.<\/span><\/p>\n<p><span> <\/span><span style=\"color: #ff0000;\"><strong><em><span><span style=\"color: #000000;\">Patrim\u00f4nio hist\u00f3rico<\/span><\/span><\/em><\/strong><\/span><\/p>\n<p><span style=\"font-family: Arial;\"> <\/span><span style=\"font-family: Arial;\">Segundo Mado, essas oficinas fazem parte do Programa de Revitaliza\u00e7\u00e3o do Centro Hist\u00f3rico de Porto Velho, que inclui a reforma de pra\u00e7as, a reconstru\u00e7<\/span><span style=\"font-family: Arial;\">\u00e3o do Mercado Cultural, a reforma do Mercado Central a revitaliza\u00e7\u00e3o<\/span><span style=\"font-family: Arial;\"> da Estrada de Ferro Madeira-Mamor\u00e9<\/span><span style=\"font-family: Arial;\"> e <\/span><span style=\"font-family: Arial;\">a constru\u00e7\u00e3o do <\/span><span style=\"font-family: Arial;\">Porto do Cai N `\u00c1gua e do <\/span><span style=\"font-family: Arial;\">Parque das \u00c1guas, na margem do Madeira. <\/span><span style=\"font-family: Arial;\">\u201cBoa parte deste trabalho j\u00e1 foi conclu\u00eddo, como \u00e9 o caso do Mercado Cultural, que em um ano de funcionamento tem sido palco de um grande n\u00famero de atividades culturais, com a participa\u00e7\u00e3o ativa da sociedade, como \u00e9 o caso do projeto \u2018A Fina Flor do Samba\u2019, realizado nas sextas-feiras pelo m\u00fasico e compositor Ernesto Melo, com o apoio da Iaripuna<\/span><span style=\"font-family: Arial;\">. Com a conclus\u00e3o de outras obras, como a revitaliza\u00e7\u00e3o da ferrovia, este interc\u00e2mbio entre a prefeitura e a comunidade ser\u00e1 ampliado<\/span><span style=\"font-family: Arial;\">\u201d<\/span><span style=\"font-family: Arial;\">, garante Mado<\/span><span style=\"font-family: Arial;\">.<\/span><\/p>\n<p><span style=\"font-family: Arial;\"> <\/span><\/p>\n<p><em><span style=\"font-family: Arial;\">Por: <\/span><\/em><em><span style=\"font-family: Arial;\">Ana Aranda<\/span><\/em><\/p>\n<p><em><span style=\"font-family: Arial;\">Fotos:<\/span><\/em><strong><em><span style=\"font-family: Arial;\"> Comdecom<\/span><\/em><\/strong><\/p>\n","protected":false},"excerpt":{"rendered":"<p>A Funda\u00e7\u00e3o Municipal de Cultura Iaripuna vai promover as oficinas \u2018Educa\u00e7\u00e3o Patrimonial, Cultural e Ambiental\u2019 com moradores dos distritos e tamb\u00e9m da \u00e1rea urbana de Porto Velho. O objetivo do trabalho \u00e9 sensibilizar a comunidade sobre o patrim\u00f4nio cultural e hist\u00f3rico de cada regi\u00e3o, para que os moradores saibam reconhecer este acervo e tamb\u00e9m tenham [&hellip;]<\/p>\n","protected":false},"author":2,"featured_media":28454,"comment_status":"open","ping_status":"open","sticky":false,"template":"","format":"standard","meta":{"tdm_status":"","tdm_grid_status":"","footnotes":""},"categories":[22],"tags":[],"class_list":{"0":"post-28453","1":"post","2":"type-post","3":"status-publish","4":"format-standard","5":"has-post-thumbnail","7":"category-brasil"},"_links":{"self":[{"href":"https:\/\/migracao.redenoticia.com.br\/noticia\/wp-json\/wp\/v2\/posts\/28453","targetHints":{"allow":["GET"]}}],"collection":[{"href":"https:\/\/migracao.redenoticia.com.br\/noticia\/wp-json\/wp\/v2\/posts"}],"about":[{"href":"https:\/\/migracao.redenoticia.com.br\/noticia\/wp-json\/wp\/v2\/types\/post"}],"author":[{"embeddable":true,"href":"https:\/\/migracao.redenoticia.com.br\/noticia\/wp-json\/wp\/v2\/users\/2"}],"replies":[{"embeddable":true,"href":"https:\/\/migracao.redenoticia.com.br\/noticia\/wp-json\/wp\/v2\/comments?post=28453"}],"version-history":[{"count":0,"href":"https:\/\/migracao.redenoticia.com.br\/noticia\/wp-json\/wp\/v2\/posts\/28453\/revisions"}],"wp:featuredmedia":[{"embeddable":true,"href":"https:\/\/migracao.redenoticia.com.br\/noticia\/wp-json\/wp\/v2\/media\/28454"}],"wp:attachment":[{"href":"https:\/\/migracao.redenoticia.com.br\/noticia\/wp-json\/wp\/v2\/media?parent=28453"}],"wp:term":[{"taxonomy":"category","embeddable":true,"href":"https:\/\/migracao.redenoticia.com.br\/noticia\/wp-json\/wp\/v2\/categories?post=28453"},{"taxonomy":"post_tag","embeddable":true,"href":"https:\/\/migracao.redenoticia.com.br\/noticia\/wp-json\/wp\/v2\/tags?post=28453"}],"curies":[{"name":"wp","href":"https:\/\/api.w.org\/{rel}","templated":true}]}}