{"id":28460,"date":"2010-05-24T12:27:53","date_gmt":"2010-05-24T16:27:53","guid":{"rendered":"http:\/\/www.redenoticia.com.br\/noticia\/?p=28460"},"modified":"2010-05-24T12:27:53","modified_gmt":"2010-05-24T16:27:53","slug":"encontro-do-pr-em-ji-parana","status":"publish","type":"post","link":"https:\/\/migracao.redenoticia.com.br\/noticia\/2010\/encontro-do-pr-em-ji-parana\/28460","title":{"rendered":"Encontro do PR em Ji-Paran\u00e1"},"content":{"rendered":"<p><span style=\"font-family: Arial;\">Prefeitos, vice-prefeitos, vereadores, membros das executivas municipais e filiados estiveram reunidos na tarde de s\u00e1bado (22), em Ji-Paran\u00e1 durante encontro regional do Partido da Rep\u00fablica (PR).\u00a0 \u00a0O encontro, segundo Laerte Gomes, presidente regional da sigla, serviu para mostrar aos filiados a necessidade do apoio incondicional os candidatos escolhidos em conven\u00e7\u00e3o para as elei\u00e7\u00f5es de 2010. Na ocasi\u00e3o tamb\u00e9m foram apresentados os pr\u00e9-candidatos da sigla que disputar\u00e3o vagas no Legislativo Estadual e Federal. \u00a0Laerte lembrou que o PR que tem tudo para ser o maior ou segundo maior partido de Rond\u00f4nia,\u00a0 por\u00e9m precisa ter representantes que possam atender as reivindica\u00e7\u00f5es dos prefeitos e vereadores.<\/span><\/p>\n<p><span style=\"font-family: Arial;\">O prefeito de Nova Uni\u00e3o, Luiz Gomes e secret\u00e1rio do partido,\u00a0 refor\u00e7ou a fala de Laerte ao lembrar que seu munic\u00edpio foi um dos maiores beneficiados em emendas parlamentares quando Miguel de Souza foi deputado federal.\u00a0 &#8220;Devemos priorizar nossos futuros candidatos. Temos condi\u00e7\u00e3o de fazer de um a dois deputados estaduais e a grande chance de eleger um deputado federal, governador e at\u00e9 um senador. Por isso devemos trabalhar incansavelmente neste projeto que nos dar\u00e1 mais for\u00e7a e representatividade estadual e federal&#8221;, resumiu Gomes.<\/span><\/p>\n<p><span style=\"font-family: Arial;\">Laerte tamb\u00e9m falou que o \u00a0PR tende a apoiar o pr\u00e9-candidato ao governo do \u00a0PSDB, Expedito J\u00fanior, Agnaldo Muniz, pr\u00e9-candidato ao senado, Miguel de Souza e Aparecida do Sindsef pr\u00e9-candidatos a deputado federal pelo PR. J\u00e1 para presidente da Rep\u00fablica apoiaremos a pr\u00e9-candidata do PT, Dilma Roussef.<\/span><\/p>\n<p><span style=\"font-family: Arial;\">Miguel de Souza, pr\u00e9-candidato a deputado federal, fez uma explana\u00e7\u00e3o sobre sua importante gest\u00e3o \u00e0 frente da diretoria de Planejamento e Pesquisa do DNIT. Miguel lembrou que o PR est\u00e1 a frente do Minist\u00e9rio dos Transportes e \u00e9 o respons\u00e1vel em trazer cerca de R$ 2bilh\u00f5es para Rond\u00f4nia. A maioria sem qualquer emenda parlamentar a exemplo da recupera\u00e7\u00e3o total da BR-364. &#8220;Voc\u00eas podem dizer com toda seguran\u00e7a e de peito aberto : essa verba de recupera\u00e7\u00e3o da BR-364 quem est\u00e1 trazendo \u00e9 o nosso partido, o PR. A recupera\u00e7\u00e3o da rodovia foi o primeiro projeto no qual me dediquei assim que assumi a diretoria do DNIT. E l\u00f3gico, tratei de priorizar todos os grandes projetos estruturantes para nosso estado com\u00a0 fim de proporcionar uma melhor log\u00edstica de transporte para promover o desenvolvimento&#8221;, salientou Miguel de Souza.<\/span><\/p>\n<p><strong><span style=\"font-family: Arial;\">Pr\u00e9-candidato ao senado e indica\u00e7\u00e3o para vice<\/span><\/strong><\/p>\n<p><span style=\"font-family: Arial;\">Daniel Pereira prop\u00f4s que o PR deveria tamb\u00e9m ter uma indica\u00e7\u00e3o do pr\u00f3prio partido ao senado para o segundo voto. &#8220;Se vamos apoiar um candidato ao senado, porque n\u00e3o indicar e ter um candidato para pedir esse segundo voto. Por isso colocarei, se o partido assim achar melhor, meu nome \u00e0 disposi\u00e7\u00e3o, dessa forma acredito que estar\u00edamos fortalecendo mais ainda o PR em Rond\u00f4nia&#8221;.<\/span><\/p>\n<p><span style=\"font-family: Arial;\">Daniel tamb\u00e9m falou que o PR deveria discutir a quest\u00e3o da indica\u00e7\u00e3o para vice-governador. Na minha opini\u00e3o, o melhor nome para vice-governador de Rond\u00f4nia \u00e9 o de Miguel de Souza. Ele j\u00e1 foi vice-governador e n\u00e3o foi somente um vice, ele foi o vice. Mostrou trabalho, compet\u00eancia e quando deputado federal, foi sem d\u00favida alguma, o melhor deputado federal que Rond\u00f4nia j\u00e1 teve. Mas \u00e9 claro, essa decis\u00e3o depende \u00a0somente dele&#8221;.<\/span><\/p>\n<p><span style=\"font-family: Arial;\">Miguel de Souza disse sentir-se honrado com a poss\u00edvel indica\u00e7\u00e3o, por\u00e9m seu projeto de cora\u00e7\u00e3o e tamb\u00e9m da Executiva Nacional do PR \u00e9 a disputa de uma vaga na C\u00e2mara, mas que o partido poderia deixar uma janela para discutir esta quest\u00e3o e destacou: &#8220;\u00e9 importante nesse momento que o partido tenha uma atua\u00e7\u00e3o firme e n\u00e3o fa\u00e7a uma ades\u00e3o pura e simplesmente sem que tenha definido sua representatividade pol\u00edtica dentro de uma eventual alian\u00e7a. Devemos pensar no PR e n\u00e3o agir por paix\u00e3o. A quest\u00e3o deve ser bastante discutida e devemos compreender que temos for\u00e7a para tornar nosso partido o maior do estado de Rond\u00f4nia.<\/span><\/p>\n<p><span style=\"font-family: Arial;\">Miguel de Souza tamb\u00e9m falou que a sugest\u00e3o apresentada por Daniel Pereira da indica\u00e7\u00e3o de seu nome na disputa para Senado era v\u00e1lida e merecia uma aten\u00e7\u00e3o especial do PR. &#8220;Acho v\u00e1lida sua sugest\u00e3o Daniel, \u00a0e que devemos discutir tamb\u00e9m com muito carinho essa proposta. Independente do resultado final, estaremos marcando terreno e mostrando ao eleitor rondoniense que este \u00e9 um partido que possui pessoas dignas e comprometidas com o desenvolvimento do nosso estado de Rond\u00f4nia&#8221;.<\/span><\/p>\n","protected":false},"excerpt":{"rendered":"<p>Prefeitos, vice-prefeitos, vereadores, membros das executivas municipais e filiados estiveram reunidos na tarde de s\u00e1bado (22), em Ji-Paran\u00e1 durante encontro regional do Partido da Rep\u00fablica (PR).\u00a0 \u00a0O encontro, segundo Laerte Gomes, presidente regional da sigla, serviu para mostrar aos filiados a necessidade do apoio incondicional os candidatos escolhidos em conven\u00e7\u00e3o para as elei\u00e7\u00f5es de 2010. [&hellip;]<\/p>\n","protected":false},"author":2,"featured_media":0,"comment_status":"open","ping_status":"open","sticky":false,"template":"","format":"standard","meta":{"tdm_status":"","tdm_grid_status":"","footnotes":""},"categories":[22],"tags":[],"class_list":{"0":"post-28460","1":"post","2":"type-post","3":"status-publish","4":"format-standard","6":"category-brasil"},"_links":{"self":[{"href":"https:\/\/migracao.redenoticia.com.br\/noticia\/wp-json\/wp\/v2\/posts\/28460","targetHints":{"allow":["GET"]}}],"collection":[{"href":"https:\/\/migracao.redenoticia.com.br\/noticia\/wp-json\/wp\/v2\/posts"}],"about":[{"href":"https:\/\/migracao.redenoticia.com.br\/noticia\/wp-json\/wp\/v2\/types\/post"}],"author":[{"embeddable":true,"href":"https:\/\/migracao.redenoticia.com.br\/noticia\/wp-json\/wp\/v2\/users\/2"}],"replies":[{"embeddable":true,"href":"https:\/\/migracao.redenoticia.com.br\/noticia\/wp-json\/wp\/v2\/comments?post=28460"}],"version-history":[{"count":0,"href":"https:\/\/migracao.redenoticia.com.br\/noticia\/wp-json\/wp\/v2\/posts\/28460\/revisions"}],"wp:attachment":[{"href":"https:\/\/migracao.redenoticia.com.br\/noticia\/wp-json\/wp\/v2\/media?parent=28460"}],"wp:term":[{"taxonomy":"category","embeddable":true,"href":"https:\/\/migracao.redenoticia.com.br\/noticia\/wp-json\/wp\/v2\/categories?post=28460"},{"taxonomy":"post_tag","embeddable":true,"href":"https:\/\/migracao.redenoticia.com.br\/noticia\/wp-json\/wp\/v2\/tags?post=28460"}],"curies":[{"name":"wp","href":"https:\/\/api.w.org\/{rel}","templated":true}]}}