{"id":2851,"date":"2009-06-13T17:09:07","date_gmt":"2009-06-13T21:09:07","guid":{"rendered":"http:\/\/www.redenoticia.com.br\/noticia\/?p=2851"},"modified":"2009-07-27T02:11:22","modified_gmt":"2009-07-27T02:11:22","slug":"frio-e-decisivo-para-que-gripe-suina-se-espalhe-em-paises-vizinhos-do-brasil-dizem-infectologistas","status":"publish","type":"post","link":"https:\/\/migracao.redenoticia.com.br\/noticia\/2009\/frio-e-decisivo-para-que-gripe-suina-se-espalhe-em-paises-vizinhos-do-brasil-dizem-infectologistas\/2851","title":{"rendered":"Frio \u00e9 decisivo para que gripe su\u00edna se espalhe em pa\u00edses vizinhos do Brasil, dizem infectologistas"},"content":{"rendered":"<p><span class=\"titulo11\"><\/span><span style=\"font-size: 11pt; font-family: Arial; color: windowtext;\">O frio desta \u00e9poca do ano tem sido decisivo para o alastramento do v\u00edrus <em>Influenza<\/em> A [H1N1], respons\u00e1vel pela gripe su\u00edna, nos pa\u00edses vizinhos do Brasil, principalmente no Chile, na Argentina e no Uruguai. De acordo com infectologistas, em baixas temperaturas as pessoas tendem a ficar em lugares fechados, o que facilita o cont\u00e1gio.<\/span><\/p>\n<p class=\"western\"><span style=\"font-size: 11pt; font-family: Arial; color: windowtext;\">\u201cEste v\u00edrus sobrevive mais tempo em lugares mais frios&#8221;, afirmou o m\u00e9dico infectologista chileno Miguel O&#8217;Ryan, professor da Universidade do Chile, um dos especialistas ouvidos pela BBC Brasil. No Chile, que tem 15 milh\u00f5es de habitantes, j\u00e1 foram registrados 1.694 casos, a maior incid\u00eancia da Am\u00e9rica do Sul.<\/span><\/p>\n<p class=\"western\"><span style=\"font-size: 11pt; font-family: Arial; color: windowtext;\">Na Argentina, com 40 milh\u00f5es de habitantes, j\u00e1 foram confirmados 470 casos, sendo que 127 apenas na sexta-feira. O Uruguai, pa\u00eds de pouco mais de 3 milh\u00f5es de habitantes, tem 24 pessoas infectadas. O Brasil, com popula\u00e7\u00e3o muito maior, de cerca de 190 milh\u00f5es de habitantes, tem, at\u00e9 o momento, 54 casos. <\/span><\/p>\n<p class=\"western\"><span style=\"font-size: 11pt; font-family: Arial; color: windowtext;\">O m\u00e9dico infectologista Hugo Paganini, do hospital Garrahan, de Buenos Aires, disse que o clima influencia na propaga\u00e7\u00e3o das doen\u00e7as respirat\u00f3rias. \u201cO problema desta \u00e9poca do ano \u00e9 que surge um coquetel de v\u00edrus de doen\u00e7as respirat\u00f3rias, mas, agora, somou-se a ele o v\u00edrus da gripe su\u00edna&#8221;, afirmou.<\/span><\/p>\n<p class=\"western\"><span style=\"font-size: 11pt; font-family: Arial; color: windowtext;\">A gripe espanhola, considerada a maior pandemia de todos os tempos, e que matou milh\u00f5es de pessoas nos anos de 1918 e 1919, tamb\u00e9m teve sua fase mais grave durante o frio, entre o outono e inverno do Hemisf\u00e9rio Norte. A influenza A [H1N1] \u2013 gripe su\u00edna &#8211; tem apresentado uma letalidade bem menor. Na Am\u00e9rica do Sul, foram registradas tr\u00eas mortes relacionadas \u00e0 doen\u00e7a, duas no Chile e uma na Col\u00f4mbia.<\/span><\/p>\n<p class=\"western\"><span style=\"font-size: 11pt; font-family: Arial; color: windowtext;\">Ontem (12), segundo informa\u00e7\u00f5es do governo argentino, 32 escolas de Buenos Aires ficaram fechadas depois de serem confirmados casos de alunos doentes. Paganini afirmou que cerca de 70% dos casos registrados no pa\u00eds s\u00e3o em crian\u00e7as com mais de 5 anos de idade. O governo recomendou que trabalhadores com febre acima de 38\u00ba C fiquem em casa para evitar o cont\u00e1gio.<\/span><\/p>\n<p><span class=\"assinatura11\"><span style=\"font-size: 11pt; font-family: Arial;\">Ag\u00eancia Brasil <\/span><\/span><\/p>\n","protected":false},"excerpt":{"rendered":"<p>O frio desta \u00e9poca do ano tem sido decisivo para o alastramento do v\u00edrus Influenza A [H1N1], respons\u00e1vel pela gripe su\u00edna, nos pa\u00edses vizinhos do Brasil, principalmente no Chile, na Argentina e no Uruguai. De acordo com infectologistas, em baixas temperaturas as pessoas tendem a ficar em lugares fechados, o que facilita o cont\u00e1gio. \u201cEste [&hellip;]<\/p>\n","protected":false},"author":3,"featured_media":0,"comment_status":"open","ping_status":"open","sticky":false,"template":"","format":"standard","meta":{"tdm_status":"","tdm_grid_status":"","footnotes":""},"categories":[22,327,5],"tags":[],"class_list":{"0":"post-2851","1":"post","2":"type-post","3":"status-publish","4":"format-standard","6":"category-brasil","7":"category-clima","8":"category-saude-e-vida"},"_links":{"self":[{"href":"https:\/\/migracao.redenoticia.com.br\/noticia\/wp-json\/wp\/v2\/posts\/2851","targetHints":{"allow":["GET"]}}],"collection":[{"href":"https:\/\/migracao.redenoticia.com.br\/noticia\/wp-json\/wp\/v2\/posts"}],"about":[{"href":"https:\/\/migracao.redenoticia.com.br\/noticia\/wp-json\/wp\/v2\/types\/post"}],"author":[{"embeddable":true,"href":"https:\/\/migracao.redenoticia.com.br\/noticia\/wp-json\/wp\/v2\/users\/3"}],"replies":[{"embeddable":true,"href":"https:\/\/migracao.redenoticia.com.br\/noticia\/wp-json\/wp\/v2\/comments?post=2851"}],"version-history":[{"count":0,"href":"https:\/\/migracao.redenoticia.com.br\/noticia\/wp-json\/wp\/v2\/posts\/2851\/revisions"}],"wp:attachment":[{"href":"https:\/\/migracao.redenoticia.com.br\/noticia\/wp-json\/wp\/v2\/media?parent=2851"}],"wp:term":[{"taxonomy":"category","embeddable":true,"href":"https:\/\/migracao.redenoticia.com.br\/noticia\/wp-json\/wp\/v2\/categories?post=2851"},{"taxonomy":"post_tag","embeddable":true,"href":"https:\/\/migracao.redenoticia.com.br\/noticia\/wp-json\/wp\/v2\/tags?post=2851"}],"curies":[{"name":"wp","href":"https:\/\/api.w.org\/{rel}","templated":true}]}}