{"id":2862,"date":"2009-06-14T11:03:08","date_gmt":"2009-06-14T15:03:08","guid":{"rendered":"http:\/\/www.redenoticia.com.br\/noticia\/?p=2862"},"modified":"2009-06-15T07:55:21","modified_gmt":"2009-06-15T11:55:21","slug":"inicio-da-inscricao-para-o-enem-2009","status":"publish","type":"post","link":"https:\/\/migracao.redenoticia.com.br\/noticia\/2009\/inicio-da-inscricao-para-o-enem-2009\/2862","title":{"rendered":"In\u00edcio da inscri\u00e7\u00e3o para o Enem 2009"},"content":{"rendered":"<p>Desde mar\u00e7o, quando foi anunciada a reformula\u00e7\u00e3o do Exame Nacional de Ensino M\u00e9dio (Enem), muito se tem especulado sobre o assunto. Agora, todas as d\u00favidas operacionais j\u00e1 podem ser esclarecidas. O Inep\/MEC divulgou a portaria que institui e sistematiza toda a operacionaliza\u00e7\u00e3o do exame em 2009.<\/p>\n<p>O novo Enem manter\u00e1 a caracter\u00edstica de ser um exame volunt\u00e1rio. Alunos concluintes do ensino m\u00e9dio e pessoas que terminaram este n\u00edvel de ensino em anos anteriores, os chamados egressos, ainda podem realizar a prova. A novidade \u00e9 que a prova vai valer tamb\u00e9m para certifica\u00e7\u00e3o de conclus\u00e3o do ensino m\u00e9dio, o que torna o Enem tamb\u00e9m uma oportunidade para cidad\u00e3os sem diploma nesse n\u00edvel de ensino, desde que na data de realiza\u00e7\u00e3o da prova tenham 18 anos, no m\u00ednimo.<\/p>\n<p>As m\u00e9dias do Enem poder\u00e3o ser usadas no vestibular das institui\u00e7\u00f5es federais de ensino e tamb\u00e9m em processos seletivos de cursos profissionalizantes p\u00f3s-m\u00e9dios. A partir do ano que vem, a avalia\u00e7\u00e3o vai medir ainda o desempenho acad\u00eamico dos estudantes ingressantes nas institui\u00e7\u00f5es de ensino superior.<\/p>\n<p><strong> <\/strong><\/p>\n<p><strong>Inscri\u00e7\u00f5es ser\u00e3o exclusivamente via Internet<\/strong><br \/>\nTodas as inscri\u00e7\u00f5es para o Enem 2009 ser\u00e3o realizadas exclusivamente pela Internet, no endere\u00e7o <a href=\"http:\/\/sistemasenem2.inep.gov.br\/Enem2009\/\">http:\/\/sistemasenem2.inep.gov.br\/Enem2009\/<\/a>.<\/p>\n<p>Os concluintes de escolas p\u00fablicas e privadas poder\u00e3o se inscrever a partir <strong>das 8h do dia 15 de junho, at\u00e9 \u00e0s 23h59 do dia 17 de julho<\/strong>, e dever\u00e3o adotar o seguinte procedimento:<br \/>\n&#8211; acessar a p\u00e1gina da Internet http:\/\/enem.inep.gov.br\/inscricao, durante o per\u00edodo das inscri\u00e7\u00f5es;<br \/>\n&#8211; preencher o cadastro de inscri\u00e7\u00e3o;<br \/>\n\u2013 enviar os dados e verificar se a transfer\u00eancia foi concretizada, mediante confirma\u00e7\u00e3o por mensagem de retorno, que ser\u00e1 enviada para o e-mail informado no cadastro de inscri\u00e7\u00e3o;<br \/>\n\u2013 o concluinte do ensino m\u00e9dio da escola p\u00fablica dever\u00e1 imprimir, na seq\u00fc\u00eancia, o comprovante de inscri\u00e7\u00e3o;<br \/>\n\u2013 o concluinte do ensino m\u00e9dio da escola privada dever\u00e1 imprimir, na seq\u00fc\u00eancia, o boleto para efetuar o pagamento em qualquer ag\u00eancia de estabelecimento banc\u00e1rio, no valor de R$ 35,00 (trinta e cinco reais), ou solicitar isen\u00e7\u00e3o da taxa de inscri\u00e7\u00e3o;<\/p>\n<p>Os comprovantes de inscri\u00e7\u00e3o dos participantes concluintes estar\u00e3o dispon\u00edveis, ap\u00f3s sua efetiva\u00e7\u00e3o, at\u00e9 o dia<strong> 24 de julho de 2009<\/strong>, no endere\u00e7o eletr\u00f4nico http:\/\/enem.inep.gov.br\/inscricao.<\/p>\n<p>Os que j\u00e1 finalizaram a escolariza\u00e7\u00e3o b\u00e1sica em anos anteriores e interessados na certifica\u00e7\u00e3o do ensino m\u00e9dio ter\u00e3o um prazo maior para inscri\u00e7\u00e3o. Nesses casos, o per\u00edodo vai de <strong>8h do dia 15 de junho at\u00e9 \u00e0s 23h59 do dia 19 de julho<\/strong>. O procedimento de inscri\u00e7\u00e3o para esse grupo \u00e9:<br \/>\n\u2013 acessar a p\u00e1gina da Internet http:\/\/enem.inep.gov.br\/inscricao e preencher o cadastro de inscri\u00e7\u00e3o;<br \/>\n\u2013 enviar os dados e verificar se a transfer\u00eancia foi concretizada, mediante confirma\u00e7\u00e3o por mensagem de retorno, que ser\u00e1 enviada para o e-mail informado no cadastro de inscri\u00e7\u00e3o;<br \/>\n\u2013 imprimir, na seq\u00fc\u00eancia, o boleto banc\u00e1rio e efetuar o pagamento, ou solicitar isen\u00e7\u00e3o de taxa.<\/p>\n<p>Os comprovantes de inscri\u00e7\u00e3o desse grupo estar\u00e3o dispon\u00edveis, ap\u00f3s sua efetiva\u00e7\u00e3o, no endere\u00e7o eletr\u00f4nico em que foi processada, at\u00e9 <strong>31 de julho de 2009.<\/strong><\/p>\n<p><strong>Atendimento especial<\/strong><br \/>\nPara receber atendimento apropriado, o participante com defici\u00eancia f\u00edsica dever\u00e1 obrigatoriamente declarar, no ato da inscri\u00e7\u00e3o, o tipo de atendimento especial que necessita para realizar o exame.<\/p>\n<p>Aos detentos ou internos, matriculados em programas especiais de educa\u00e7\u00e3o de ensino m\u00e9dio em unidades prisionais ou hospitalares, ser\u00e1 oferecido aplica\u00e7\u00e3o da prova nos locais de deten\u00e7\u00e3o ou interna\u00e7\u00e3o em que se encontrem, mediante termo de compromisso espec\u00edfico. Para isso, a coordena\u00e7\u00e3o respons\u00e1vel dever\u00e1 solicitar ao Inep o formul\u00e1rio do Termo de Compromisso para a aplica\u00e7\u00e3o do Enem. O documento dever\u00e1 ser encaminhado ao Instituto at\u00e9 o dia <strong>17 de julho<\/strong>.<\/p>\n<p><strong>Isentos <\/strong><br \/>\nSer\u00e3o isentos do pagamento da inscri\u00e7\u00e3o os concluintes do ensino m\u00e9dio, em qualquer modalidade, matriculados em institui\u00e7\u00f5es p\u00fablicas de ensino e todos os participantes do Exame Nacional para Certifica\u00e7\u00e3o de Compet\u00eancias de Jovens e Adultos (Encceja) 2006, 2007 e 2008. Para os outros casos, a isen\u00e7\u00e3o dever\u00e1 ser solicitada de <strong>15 a 19 de junho 2009<\/strong>, no endere\u00e7o eletr\u00f4nico www.enem.inep.gov.br\/inscricao. A rela\u00e7\u00e3o de pedidos deferidos ser\u00e1 divulgada at\u00e9 3 de julho.<\/p>\n<p><strong>Manual do Inscrito<\/strong><br \/>\nTodos os devidamente inscritos receber\u00e3o o Manual do Inscrito, contendo as informa\u00e7\u00f5es gerais sobre o Enem 2009, as compet\u00eancias e habilidades a serem avaliadas, os crit\u00e9rios de avalia\u00e7\u00e3o de desempenho dos participantes nas provas, bem como o question\u00e1rio socioecon\u00f4mico, com folha de respostas pr\u00f3pria. O Manual do Inscrito ser\u00e1 enviado, via Correios, para o endere\u00e7o indicado no ato da inscri\u00e7\u00e3o. O inscrito no Enem 2009 dever\u00e1 responder o question\u00e1rio socioecon\u00f4mico e entregar a folha de respostas no dia e local de realiza\u00e7\u00e3o das provas.<\/p>\n<p><strong>Cart\u00e3o de confirma\u00e7\u00e3o<\/strong><br \/>\nO inscrito tamb\u00e9m ir\u00e1 receber um Cart\u00e3o de Confirma\u00e7\u00e3o de Inscri\u00e7\u00e3o, enviado para o endere\u00e7o indicado no ato da inscri\u00e7\u00e3o. O cart\u00e3o cont\u00e9m o local onde ser\u00e1 realizado o exame, o n\u00famero de inscri\u00e7\u00e3o, a senha de acesso aos resultados individuais e a folha de leitura \u00f3ptica para as respostas do question\u00e1rio socioecon\u00f4mico. Caso o inscrito n\u00e3o receba o seu Cart\u00e3o de Confirma\u00e7\u00e3o de Inscri\u00e7\u00e3o at\u00e9 o dia <strong>25 de setembro de 2009<\/strong>, dever\u00e1 entrar em contato com o Programa Fala Brasil, pelo telefone 0800-616161 ou acessar a p\u00e1gina htt:\/\/enem.inep.gov.br\/consulta.<\/p>\n<p><strong>A prova<\/strong><br \/>\nO Enem 2009 \u00e9 concebido a partir das orienta\u00e7\u00f5es curriculares previstas para o ensino m\u00e9dio, que est\u00e3o estruturadas em quatro \u00e1reas do conhecimento: Linguagens, C\u00f3digos e suas Tecnologias; Ci\u00eancias da Natureza, Matem\u00e1tica e suas Tecnologias; e Ci\u00eancias Humanas e suas Tecnologias. Por isso, o exame ser\u00e1 constitu\u00eddo por quatro provas, contendo 45 quest\u00f5es objetivas de m\u00faltipla escolha cada.<\/p>\n<p>A reda\u00e7\u00e3o dever\u00e1 ser feita em L\u00edngua Portuguesa e estruturada na forma de texto em prosa do tipo dissertativo-argumentativo, a partir de um tema de ordem social, cient\u00edfica, cultural ou pol\u00edtica.<\/p>\n<p><strong>Aplica\u00e7\u00e3o da prova<\/strong><br \/>\nO Enem 2009 ser\u00e1 aplicado em 1.619 munic\u00edpios brasileiros, nos dias<strong> 03 e 04 de outubro<\/strong>, da seguinte maneira:<br \/>\n<strong>no dia 03\/10\/2009 (s\u00e1bado)<\/strong>: das 13h \u00e0s 17h30 \u2013 Prova I: Ci\u00eancias da Natureza e suas Tecnologias; e Ci\u00eancias Humanas e suas Tecnologias.<\/p>\n<p><strong>no dia 04\/10\/2009 (domingo)<\/strong>: das 13h \u00e0s 18h30 \u2013 Prova II: Linguagens, C\u00f3digos e suas Tecnologias e Reda\u00e7\u00e3o; e Matem\u00e1tica e suas Tecnologias.<\/p>\n<p>Os port\u00f5es de acesso aos locais de prova ser\u00e3o abertos \u00e0s 12h e fechados \u00e0s 12h55, hor\u00e1rio de Bras\u00edlia-DF. As provas ser\u00e3o aplicadas \u00e0s 13h, em todo o territ\u00f3rio nacional.<\/p>\n<p>\u00c9 recomend\u00e1vel que o inscrito compare\u00e7a ao local de realiza\u00e7\u00e3o da prova com anteced\u00eancia de uma hora. Ser\u00e1 necess\u00e1rio apresentar original ou c\u00f3pia devidamente autenticada de documento de identifica\u00e7\u00e3o, Cart\u00e3o de Confirma\u00e7\u00e3o de Inscri\u00e7\u00e3o, folha de respostas do question\u00e1rio socioecon\u00f4mico, caneta esferogr\u00e1fica de tinta preta, l\u00e1pis preto n\u00ba 2 e borracha macia.<\/p>\n<p><strong>Resultados individuais<\/strong><br \/>\n<strong>A partir da segunda quinzena de janeiro de 2010<\/strong>, os participantes do Enem 2009 receber\u00e3o o Boletim Individual de Resultado. As m\u00e9dias ser\u00e3o enviadas via Correios no endere\u00e7o indicado na ficha de inscri\u00e7\u00e3o. Para consultar os resultados individuais pelo site do Inep ser\u00e3o necess\u00e1rios o n\u00famero do CPF e a senha de acesso, cadastrados na fase de inscri\u00e7\u00e3o.<\/p>\n<ul>\n<li><a href=\"http:\/\/www.inep.gov.br\/download\/enem\/2009\/Portaria_Enem2009_080609.pdf\">Portaria Enem 2009 (republicada em 8\/06\/2009)<\/a><\/li>\n<\/ul>\n<p><strong>Assessoria de Imprensa do Inep <\/strong><\/p>\n","protected":false},"excerpt":{"rendered":"<p>Desde mar\u00e7o, quando foi anunciada a reformula\u00e7\u00e3o do Exame Nacional de Ensino M\u00e9dio (Enem), muito se tem especulado sobre o assunto. Agora, todas as d\u00favidas operacionais j\u00e1 podem ser esclarecidas. O Inep\/MEC divulgou a portaria que institui e sistematiza toda a operacionaliza\u00e7\u00e3o do exame em 2009. O novo Enem manter\u00e1 a caracter\u00edstica de ser um [&hellip;]<\/p>\n","protected":false},"author":3,"featured_media":0,"comment_status":"open","ping_status":"open","sticky":false,"template":"","format":"standard","meta":{"tdm_status":"","tdm_grid_status":"","footnotes":""},"categories":[22],"tags":[],"class_list":{"0":"post-2862","1":"post","2":"type-post","3":"status-publish","4":"format-standard","6":"category-brasil"},"_links":{"self":[{"href":"https:\/\/migracao.redenoticia.com.br\/noticia\/wp-json\/wp\/v2\/posts\/2862","targetHints":{"allow":["GET"]}}],"collection":[{"href":"https:\/\/migracao.redenoticia.com.br\/noticia\/wp-json\/wp\/v2\/posts"}],"about":[{"href":"https:\/\/migracao.redenoticia.com.br\/noticia\/wp-json\/wp\/v2\/types\/post"}],"author":[{"embeddable":true,"href":"https:\/\/migracao.redenoticia.com.br\/noticia\/wp-json\/wp\/v2\/users\/3"}],"replies":[{"embeddable":true,"href":"https:\/\/migracao.redenoticia.com.br\/noticia\/wp-json\/wp\/v2\/comments?post=2862"}],"version-history":[{"count":0,"href":"https:\/\/migracao.redenoticia.com.br\/noticia\/wp-json\/wp\/v2\/posts\/2862\/revisions"}],"wp:attachment":[{"href":"https:\/\/migracao.redenoticia.com.br\/noticia\/wp-json\/wp\/v2\/media?parent=2862"}],"wp:term":[{"taxonomy":"category","embeddable":true,"href":"https:\/\/migracao.redenoticia.com.br\/noticia\/wp-json\/wp\/v2\/categories?post=2862"},{"taxonomy":"post_tag","embeddable":true,"href":"https:\/\/migracao.redenoticia.com.br\/noticia\/wp-json\/wp\/v2\/tags?post=2862"}],"curies":[{"name":"wp","href":"https:\/\/api.w.org\/{rel}","templated":true}]}}