{"id":2894,"date":"2009-06-14T20:03:28","date_gmt":"2009-06-15T00:03:28","guid":{"rendered":"http:\/\/www.redenoticia.com.br\/noticia\/?p=2894"},"modified":"2009-06-14T20:03:28","modified_gmt":"2009-06-15T00:03:28","slug":"em-sao-paulo-homossexuais-vao-as-ruas-pedindo-o-fim-da-homofobia","status":"publish","type":"post","link":"https:\/\/migracao.redenoticia.com.br\/noticia\/2009\/em-sao-paulo-homossexuais-vao-as-ruas-pedindo-o-fim-da-homofobia\/2894","title":{"rendered":"Em S\u00e3o Paulo, homossexuais v\u00e3o \u00e0s ruas pedindo o fim da homofobia"},"content":{"rendered":"<p>O transformista que se identifica como Sarah Fyffer deixou a pequena cidade de Jacare\u00ed, a cerca de 70 quil\u00f4metros da capital, na manh\u00e3 deste domingo (14) para participar da Parada Gay, na capital paulista. H\u00e1 seis anos, Sarah faz a mesma viagem para protestar contra o preconceito e a homofobia. &#8220;Acho importante mostrar para a sociedade que somos seres humanos. A Parada serve para combater o preconceito&#8221;, disse.<\/p>\n<p>Segundo Sarah, a Parada Gay, que reuniu cerca de tr\u00eas milh\u00f5es e meio de pessoas &#8211; segundo a organiza\u00e7\u00e3o &#8211; perdeu um pouco do seu contexto de lutar contra a viol\u00eancia e o preconceito. &#8220;Virou um circo, vem muito heterossexual s\u00f3 para brincar e se divertir. N\u00e3o somos atra\u00e7\u00e3o tur\u00edstica, a Parada \u00e9 importante para conscientizar as pessoas&#8221;, completou. Para Sarah, \u00e9 importante que se combata o preconceito em todas as cidades do pa\u00eds, n\u00e3o apenas com um evento e, sim, com a\u00e7\u00f5es di\u00e1rias.<\/p>\n<p>O transformista que se identifica como\u00a0Karol Basfonde tamb\u00e9m foi \u00e0 Parada Gay para levar a mensagem contra o preconceito e a homofobia. Para Karol, a homofobia deveria ser considerada crime, como acontece com o racismo. &#8220;Uma pessoa que agride homossexuais \u00e9 perigosa para toda a sociedade e deve ser punida. A homofobia \u00e9 um crime contra todos n\u00f3s&#8221;, disse. Basfonde tamb\u00e9m acredita que a manifesta\u00e7\u00e3o \u00e9 importante para que as pessoas se acostumem com os homossexuais. &#8220;Se todos entenderem que somos iguais, n\u00e3o existir\u00e1 mais crimes&#8221;, completou.<\/p>\n<p>A dona de casa Patr\u00edcia Francatti levou os filhos Ariane, de sete anos, e Gustavo, de 11, para a Avenida Paulista. H\u00e1 tr\u00eas anos a fam\u00edlia Francatti frequenta a Parada Gay. Segundo a dona de casa, esta \u00e9 uma maneira que ela encontrou para\u00a0ensinar aos filhos que \u00e9 preciso respeitar a todos de maneira igual. &#8220;A minha filha pergunta se \u00e9 homem ou mulher e eu digo que s\u00e3o todos seres humanos&#8221;, afirmou. O menino Gustavo ficou impressionado com a quantidade de trios: 20. &#8220;Estou me divertindo muito, s\u00e3o todos muito legais&#8221;, opinou.<\/p>\n<p>A garotinha usava uma peruca cor de rosa e fez sucesso com os homossexuais, que pediram autoriza\u00e7\u00e3o para tirar fotos com Ariane e elogiaram a iniciativa de Patr\u00edcia. &#8220;Arrasou!&#8221;, brincou um manifestante. Para a dona de casa, o domingo colorido serviu para mostrar aos filhos que &#8220;todo mundo tem o seu espa\u00e7o&#8221;. &#8220;N\u00f3s os respeitamos e eles nos respeitam tamb\u00e9m&#8221;, ressaltou.<\/p>\n<p>Ivy Farias<br \/>\n<em>Rep\u00f3rter da Ag\u00eancia Brasil<\/em><\/p>\n","protected":false},"excerpt":{"rendered":"<p>O transformista que se identifica como Sarah Fyffer deixou a pequena cidade de Jacare\u00ed, a cerca de 70 quil\u00f4metros da capital, na manh\u00e3 deste domingo (14) para participar da Parada Gay, na capital paulista. H\u00e1 seis anos, Sarah faz a mesma viagem para protestar contra o preconceito e a homofobia. &#8220;Acho importante mostrar para a [&hellip;]<\/p>\n","protected":false},"author":3,"featured_media":0,"comment_status":"open","ping_status":"open","sticky":false,"template":"","format":"standard","meta":{"tdm_status":"","tdm_grid_status":"","footnotes":""},"categories":[22],"tags":[],"class_list":{"0":"post-2894","1":"post","2":"type-post","3":"status-publish","4":"format-standard","6":"category-brasil"},"_links":{"self":[{"href":"https:\/\/migracao.redenoticia.com.br\/noticia\/wp-json\/wp\/v2\/posts\/2894","targetHints":{"allow":["GET"]}}],"collection":[{"href":"https:\/\/migracao.redenoticia.com.br\/noticia\/wp-json\/wp\/v2\/posts"}],"about":[{"href":"https:\/\/migracao.redenoticia.com.br\/noticia\/wp-json\/wp\/v2\/types\/post"}],"author":[{"embeddable":true,"href":"https:\/\/migracao.redenoticia.com.br\/noticia\/wp-json\/wp\/v2\/users\/3"}],"replies":[{"embeddable":true,"href":"https:\/\/migracao.redenoticia.com.br\/noticia\/wp-json\/wp\/v2\/comments?post=2894"}],"version-history":[{"count":0,"href":"https:\/\/migracao.redenoticia.com.br\/noticia\/wp-json\/wp\/v2\/posts\/2894\/revisions"}],"wp:attachment":[{"href":"https:\/\/migracao.redenoticia.com.br\/noticia\/wp-json\/wp\/v2\/media?parent=2894"}],"wp:term":[{"taxonomy":"category","embeddable":true,"href":"https:\/\/migracao.redenoticia.com.br\/noticia\/wp-json\/wp\/v2\/categories?post=2894"},{"taxonomy":"post_tag","embeddable":true,"href":"https:\/\/migracao.redenoticia.com.br\/noticia\/wp-json\/wp\/v2\/tags?post=2894"}],"curies":[{"name":"wp","href":"https:\/\/api.w.org\/{rel}","templated":true}]}}