{"id":2895,"date":"2009-06-14T20:04:35","date_gmt":"2009-06-15T00:04:35","guid":{"rendered":"http:\/\/www.redenoticia.com.br\/noticia\/?p=2895"},"modified":"2009-06-14T20:04:35","modified_gmt":"2009-06-15T00:04:35","slug":"associacao-lanca-campanha-de-combate-a-obesidade","status":"publish","type":"post","link":"https:\/\/migracao.redenoticia.com.br\/noticia\/2009\/associacao-lanca-campanha-de-combate-a-obesidade\/2895","title":{"rendered":"Associa\u00e7\u00e3o lan\u00e7a campanha de combate \u00e0 obesidade"},"content":{"rendered":"<p>A obesidade \u00e9 um dos maiores problemas de sa\u00fade p\u00fablica no pa\u00eds. Hoje, 43% da popula\u00e7\u00e3o est\u00e3o acima do peso e o \u00edndice de obesidade se situa entre 15% a 20%. Com base nesses dados, a Associa\u00e7\u00e3o Brasileira para o Estudo da Obesidade e da S\u00edndrome Metab\u00f3lica (Abeso) desenvolveu a Campanha Nacional de Combate \u00e0 Obesidade, com o objetivo de conscientizar sobre os riscos da doen\u00e7a e promover estilos de vida mais saud\u00e1veis.<\/p>\n<p>\u201cN\u00f3s estamos fazendo uma orienta\u00e7\u00e3o, primeiro, com a preven\u00e7\u00e3o, principalmente com os mais jovens. As crian\u00e7as com sobrepeso ou obesidade t\u00eam grandes chances de se tornarem adultos obesos. Precisamos estimular os pais para que ofere\u00e7am a essas crian\u00e7as alimentos saud\u00e1veis e estimulem atividades f\u00edsicas\u201d, explicou a m\u00e9dica endocrinologista Maria Isabel Carneiro Travi.<\/p>\n<p>A m\u00e9dica explicou que, atualmente, as crian\u00e7as t\u00eam prefer\u00eancia ao lazer sedent\u00e1rio, como, por exemplo, assistir televis\u00e3o ou brincar no computador. \u201cN\u00f3s recomendamos que n\u00e3o seja mais que duas horas por dia e que sejam feitas atividades l\u00fadicas como correr, jogar boca e pular corda\u201d, disse.<\/p>\n<p>Outro fator importante da campanha \u00e9 o tratamento. Segundo Maria Isabel, \u00e9 importante que, quem est\u00e1 obeso, seja avaliado por profissionais que tenham a capacidade para isso, como nutricionistas, endocrinologistas e at\u00e9 eventualmente fazer a utiliza\u00e7\u00e3o de medicamentos. \u201cInfelizmente na rede p\u00fablica a demanda \u00e9 muito grande e faltam especialistas. O ideal \u00e9 que os cl\u00ednicos fossem capacitados para esse atendimento, que \u00e9 fundamental para quem tem sobrepeso\u201d, disse a m\u00e9dica.<\/p>\n<p>Da Ag\u00eancia Brasil<\/p>\n","protected":false},"excerpt":{"rendered":"<p>A obesidade \u00e9 um dos maiores problemas de sa\u00fade p\u00fablica no pa\u00eds. Hoje, 43% da popula\u00e7\u00e3o est\u00e3o acima do peso e o \u00edndice de obesidade se situa entre 15% a 20%. Com base nesses dados, a Associa\u00e7\u00e3o Brasileira para o Estudo da Obesidade e da S\u00edndrome Metab\u00f3lica (Abeso) desenvolveu a Campanha Nacional de Combate \u00e0 [&hellip;]<\/p>\n","protected":false},"author":3,"featured_media":0,"comment_status":"open","ping_status":"open","sticky":false,"template":"","format":"standard","meta":{"tdm_status":"","tdm_grid_status":"","footnotes":""},"categories":[22,5],"tags":[],"class_list":{"0":"post-2895","1":"post","2":"type-post","3":"status-publish","4":"format-standard","6":"category-brasil","7":"category-saude-e-vida"},"_links":{"self":[{"href":"https:\/\/migracao.redenoticia.com.br\/noticia\/wp-json\/wp\/v2\/posts\/2895","targetHints":{"allow":["GET"]}}],"collection":[{"href":"https:\/\/migracao.redenoticia.com.br\/noticia\/wp-json\/wp\/v2\/posts"}],"about":[{"href":"https:\/\/migracao.redenoticia.com.br\/noticia\/wp-json\/wp\/v2\/types\/post"}],"author":[{"embeddable":true,"href":"https:\/\/migracao.redenoticia.com.br\/noticia\/wp-json\/wp\/v2\/users\/3"}],"replies":[{"embeddable":true,"href":"https:\/\/migracao.redenoticia.com.br\/noticia\/wp-json\/wp\/v2\/comments?post=2895"}],"version-history":[{"count":0,"href":"https:\/\/migracao.redenoticia.com.br\/noticia\/wp-json\/wp\/v2\/posts\/2895\/revisions"}],"wp:attachment":[{"href":"https:\/\/migracao.redenoticia.com.br\/noticia\/wp-json\/wp\/v2\/media?parent=2895"}],"wp:term":[{"taxonomy":"category","embeddable":true,"href":"https:\/\/migracao.redenoticia.com.br\/noticia\/wp-json\/wp\/v2\/categories?post=2895"},{"taxonomy":"post_tag","embeddable":true,"href":"https:\/\/migracao.redenoticia.com.br\/noticia\/wp-json\/wp\/v2\/tags?post=2895"}],"curies":[{"name":"wp","href":"https:\/\/api.w.org\/{rel}","templated":true}]}}