{"id":2910,"date":"2009-06-15T14:15:37","date_gmt":"2009-06-15T18:15:37","guid":{"rendered":"http:\/\/www.redenoticia.com.br\/noticia\/?p=2910"},"modified":"2009-06-15T17:29:13","modified_gmt":"2009-06-15T21:29:13","slug":"moradora-de-colorado-do-oeste-premiada-pelo-ministerio-da-cultura","status":"publish","type":"post","link":"https:\/\/migracao.redenoticia.com.br\/noticia\/2009\/moradora-de-colorado-do-oeste-premiada-pelo-ministerio-da-cultura\/2910","title":{"rendered":"Moradora de Colorado do Oeste premiada pelo Minist\u00e9rio da Cultura"},"content":{"rendered":"<p style=\"margin-top: 0cm; margin-right: 0cm; margin-bottom: 0pt; margin-left: 0cm; line-height: 19px; text-align: justify;\"><span style=\"font-family: Arial;\"> <\/span><\/p>\n<figure id=\"attachment_2911\" aria-describedby=\"caption-attachment-2911\" style=\"width: 150px\" class=\"wp-caption alignleft\"><a href=\"https:\/\/migracao.redenoticia.com.br\/noticia\/imagens\/\/Deise-de-Ara\u00fajo.jpg\"><\/a><a href=\"https:\/\/migracao.redenoticia.com.br\/noticia\/imagens\/\/cultura.jpg\"><img loading=\"lazy\" decoding=\"async\" class=\"alignleft size-full wp-image-2959\" title=\"cultura\" src=\"https:\/\/migracao.redenoticia.com.br\/noticia\/imagens\/\/cultura.jpg\" alt=\"cultura\" width=\"150\" height=\"113\" \/><\/a><figcaption id=\"caption-attachment-2911\" class=\"wp-caption-text\">Vilhena e Colorado do Oeste assistir\u00e3o o filem de Deise Araujo <\/figcaption><\/figure>\n<p>Colorado D\u2019Oeste e Vilhena ser\u00e3o as cidades do estado de Rond\u00f4nia que ter\u00e3o a oportunidade de conhecer parte do resultado do projeto \u201cRevelando os Brasis\u201d, uma iniciativa do Minist\u00e9rio da Cultura e do Instituto Marlin Azul para democratizar o acesso ao mundo audiovisual em cidades brasileiras com at\u00e9 20 mil habitantes.<\/p>\n<p style=\"margin-top: 0cm; margin-right: 0cm; margin-bottom: 0pt; margin-left: 0cm; line-height: 19px; text-align: justify;\"><span style=\"font-family: Arial;\"><span> <\/span>O primeiro munic\u00edpio ter\u00e1 o privil\u00e9gio de receber o projeto porque um dos 40 selecionados em todo o Brasil para transformar em v\u00eddeo sua hist\u00f3ria \u00e9 morador da cidade.<\/span><\/p>\n<p style=\"margin-top: 0cm; margin-right: 0cm; margin-bottom: 0pt; margin-left: 0cm; line-height: 19px; text-align: justify;\"><span style=\"font-family: Arial;\"><span> <\/span>Ela \u00e9 Deise de Ara\u00fajo Rocha e seu document\u00e1rio, chamado \u201cDo voto no saco do rei da bala chita \u00e0 urna que tem fei\u00e7\u00e3o, mas n\u00e3o proseia\u201d, conta a evolu\u00e7\u00e3o no processo de vota\u00e7\u00e3o em Colorado D\u2019Oeste, uma das cidades brasileiras que est\u00e3o testando a urna biom\u00e9trica, que permitir\u00e1 a identifica\u00e7\u00e3o dos eleitores por meio das digitais. O v\u00eddeo investiga se a tecnologia provocou tamb\u00e9m mudan\u00e7as no comportamento do eleitor, abordando temas pol\u00eamicos como um passado onde o voto poderia valer uma laqueaduras ou outros favores.<\/span><\/p>\n<p style=\"margin-top: 0cm; margin-right: 0cm; margin-bottom: 0pt; margin-left: 0cm; line-height: 19px; text-align: justify;\"><span style=\"font-family: Arial;\"><span> <\/span>Um caminh\u00e3o do projeto levar\u00e1 para Colorado e para Vilhena toda a estrutura necess\u00e1ria para montar um cinema ao ar livre e exibir o v\u00eddeo de Rond\u00f4nia, al\u00e9m de tr\u00eas produ\u00e7\u00f5es de moradores de munic\u00edpios do Acre.<\/span><\/p>\n<p style=\"margin-top: 0cm; margin-right: 0cm; margin-bottom: 0pt; margin-left: 0cm; line-height: 19px; text-align: justify;\"><span style=\"font-family: Arial;\"><span> <\/span>Em Colorado D\u2019Oeste, a exibi\u00e7\u00e3o acontece na ter\u00e7a-feira, dia 16, a partir das 19 horas, no Parque de Exposi\u00e7\u00e3o Marcos Donadon. No dia seguinte, 17,<span> <\/span>ser\u00e1 a vez de Vilhena receber o projeto no campus da Universidade Federal.<\/span><\/p>\n<p style=\"margin-top: 0cm; margin-right: 0cm; margin-bottom: 0pt; margin-left: 0cm; line-height: 19px; text-align: justify;\"><span style=\"font-family: Arial;\"><span> <\/span>Do Acre, ser\u00e3o exibidos os v\u00eddeos \u201cArte em Ru\u00edna\u201d, \u201cYube Nawa Aibu \u2013Mulher Jib\u00f3ia Encantada\u201d (produzido por um \u00edndio da tribo kaxinaw\u00e1) e \u201cSeu Nome era Bras\u00edlia\u201d.<\/span><\/p>\n<p style=\"margin-top: 0cm; margin-right: 0cm; margin-bottom: 0pt; margin-left: 0cm; line-height: 19px; text-align: justify;\"><span style=\"font-family: Arial;\"><span> <\/span>O \u201cRevelando os Brasis\u201d \u00e9 realizado pelo Instituto Marlin Azul e pela Secretaria do Audiovisual do Minist\u00e9rio da Cultural, com patroc\u00ednio da Petrobr\u00e1s e parceria do Canal Futura.<\/span><\/p>\n<p style=\"margin-top: 0cm; margin-right: 0cm; margin-bottom: 0pt; margin-left: 0cm; line-height: 19px; text-align: justify;\"><span style=\"font-family: Arial;\"> <\/span><\/p>\n<p style=\"margin-top: 0cm; margin-right: 0cm; margin-bottom: 0pt; margin-left: 0cm; line-height: 19px; text-align: justify;\"><span style=\"font-family: Arial;\"> <\/span><\/p>\n<p style=\"margin-top: 0cm; margin-right: 0cm; margin-bottom: 0pt; margin-left: 0cm; line-height: 19px; text-align: justify;\"><strong><span style=\"font-size: 16pt; line-height: 31px; font-family: Arial;\">V\u00e1 l\u00e1:<\/span><\/strong><\/p>\n<p style=\"margin-top: 0cm; margin-right: 0cm; margin-bottom: 0pt; margin-left: 0cm; line-height: 19px; text-align: justify;\"><strong><span style=\"font-family: Arial;\">Mostra de V\u00eddeos Revelando os Brasis em Rond\u00f4nia<\/span><\/strong><\/p>\n<p style=\"margin-top: 0cm; margin-right: 0cm; margin-bottom: 0pt; margin-left: 0cm; line-height: 19px; text-align: justify;\"><strong> <\/strong><span style=\"font-family: Arial;\">Dia 16 \u2013 Colorado D\u2019Oeste (Parque de Exposi\u00e7\u00e3o Marcos Donadon)<\/span><\/p>\n<p style=\"margin-top: 0cm; margin-right: 0cm; margin-bottom: 0pt; margin-left: 0cm; line-height: 19px; text-align: justify;\"><span style=\"font-family: Arial;\">Dia 17 \u2013 Vilhena (campus da Universidade Federal)<\/span><\/p>\n<p style=\"margin-top: 0cm; margin-right: 0cm; margin-bottom: 0pt; margin-left: 0cm; line-height: 19px; text-align: justify;\"><span style=\"font-family: Arial;\">\u00c0s 19 horas<\/span><\/p>\n<p style=\"margin-top: 0cm; margin-right: 0cm; margin-bottom: 0pt; margin-left: 0cm; line-height: 19px; text-align: justify;\"><strong><span style=\"font-size: 16pt; line-height: 31px; font-family: Arial;\"> <\/span><\/strong><\/p>\n<p style=\"margin-top: 0cm; margin-right: 0cm; margin-bottom: 0pt; margin-left: 0cm; line-height: 19px; text-align: justify;\"><strong><span style=\"font-size: 16pt; line-height: 31px; font-family: Arial;\">Saiba mais<\/span><\/strong><\/p>\n<p style=\"margin-top: 0cm; margin-right: 0cm; margin-bottom: 0pt; margin-left: 0cm; line-height: 19px; text-align: justify;\"><span style=\"font-family: Arial;\">O projeto Revelando os Brasis \u00e9 voltado para moradores de cidades brasileiras com at\u00e9 20 mil habitantes. Eles se inscrevem contando uma hist\u00f3ria que gostariam de ver transformada em v\u00eddeo.<\/span><\/p>\n<p style=\"margin-top: 0cm; margin-right: 0cm; margin-bottom: 0pt; margin-left: 0cm; line-height: 19px; text-align: justify;\"><span style=\"font-family: Arial;\">Do total de inscritos \u2013 nesta edi\u00e7\u00e3o do projeto, foram 712 inscri\u00e7\u00f5es \u2013, 40 s\u00e3o selecionados. Os escolhidos participam de um curso intensivo de produ\u00e7\u00e3o audiovisual no Rio de Janeiro e t\u00eam a oportunidade de conviver com profissionais da \u00e1rea, que compartilham conhecimentos relacionados a roteiro, planos de produ\u00e7\u00e3o, fotografia, som e edi\u00e7\u00e3o.<\/span><\/p>\n<p style=\"margin-top: 0cm; margin-right: 0cm; margin-bottom: 0pt; margin-left: 0cm; line-height: 19px; text-align: justify;\"><span style=\"font-family: Arial;\">Depois, os 40 retornam para suas cidades, montam suas equipes com moradores da pr\u00f3pria cidade e produzem seus v\u00eddeos, com apoio de dois profissionais da \u00e1rea.<\/span><\/p>\n<p style=\"margin-top: 0cm; margin-right: 0cm; margin-bottom: 0pt; margin-left: 0cm; line-height: 19px; text-align: justify;\"><span style=\"font-family: Arial;\">Na terceira etapa do projeto, as cidades dos 40 selecionados ter\u00e3o a oportunidade de conferir o resultado do trabalho. Tr\u00eas caminh\u00f5es ir\u00e3o percorrer entre os meses de maio e junho 27.500 quil\u00f4metros em 18 estados brasileiros, cujas capitais tamb\u00e9m ser\u00e3o alvo da exibi\u00e7\u00e3o dos v\u00eddeos produzidos em sua regi\u00e3o.<\/span><\/p>\n","protected":false},"excerpt":{"rendered":"<p>Colorado D\u2019Oeste e Vilhena ser\u00e3o as cidades do estado de Rond\u00f4nia que ter\u00e3o a oportunidade de conhecer parte do resultado do projeto \u201cRevelando os Brasis\u201d, uma iniciativa do Minist\u00e9rio da Cultura e do Instituto Marlin Azul para democratizar o acesso ao mundo audiovisual em cidades brasileiras com at\u00e9 20 mil habitantes. O primeiro munic\u00edpio ter\u00e1 [&hellip;]<\/p>\n","protected":false},"author":2,"featured_media":0,"comment_status":"open","ping_status":"open","sticky":false,"template":"","format":"standard","meta":{"tdm_status":"","tdm_grid_status":"","footnotes":""},"categories":[22],"tags":[],"class_list":{"0":"post-2910","1":"post","2":"type-post","3":"status-publish","4":"format-standard","6":"category-brasil"},"_links":{"self":[{"href":"https:\/\/migracao.redenoticia.com.br\/noticia\/wp-json\/wp\/v2\/posts\/2910","targetHints":{"allow":["GET"]}}],"collection":[{"href":"https:\/\/migracao.redenoticia.com.br\/noticia\/wp-json\/wp\/v2\/posts"}],"about":[{"href":"https:\/\/migracao.redenoticia.com.br\/noticia\/wp-json\/wp\/v2\/types\/post"}],"author":[{"embeddable":true,"href":"https:\/\/migracao.redenoticia.com.br\/noticia\/wp-json\/wp\/v2\/users\/2"}],"replies":[{"embeddable":true,"href":"https:\/\/migracao.redenoticia.com.br\/noticia\/wp-json\/wp\/v2\/comments?post=2910"}],"version-history":[{"count":0,"href":"https:\/\/migracao.redenoticia.com.br\/noticia\/wp-json\/wp\/v2\/posts\/2910\/revisions"}],"wp:attachment":[{"href":"https:\/\/migracao.redenoticia.com.br\/noticia\/wp-json\/wp\/v2\/media?parent=2910"}],"wp:term":[{"taxonomy":"category","embeddable":true,"href":"https:\/\/migracao.redenoticia.com.br\/noticia\/wp-json\/wp\/v2\/categories?post=2910"},{"taxonomy":"post_tag","embeddable":true,"href":"https:\/\/migracao.redenoticia.com.br\/noticia\/wp-json\/wp\/v2\/tags?post=2910"}],"curies":[{"name":"wp","href":"https:\/\/api.w.org\/{rel}","templated":true}]}}