{"id":29224,"date":"2010-06-16T16:05:48","date_gmt":"2010-06-16T20:05:48","guid":{"rendered":"http:\/\/www.redenoticia.com.br\/noticia\/?p=29224"},"modified":"2010-06-17T17:31:17","modified_gmt":"2010-06-17T21:31:17","slug":"meteorologia-%e2%80%93-previsao-do-tempo-e-temperatura","status":"publish","type":"post","link":"https:\/\/migracao.redenoticia.com.br\/noticia\/2010\/meteorologia-%e2%80%93-previsao-do-tempo-e-temperatura\/29224","title":{"rendered":"Meteorologia \u2013 previs\u00e3o do tempo e temperatura nesta quinta-feira (17\/06)"},"content":{"rendered":"<p><strong><em><img loading=\"lazy\" decoding=\"async\" class=\"alignleft size-full wp-image-28409\" title=\"previsao do tempo e temperatura\" src=\"https:\/\/migracao.redenoticia.com.br\/noticia\/imagens\/previsao-do-tempo-e-temperatura.jpg\" alt=\"\" width=\"300\" height=\"193\" srcset=\"https:\/\/migracao.redenoticia.com.br\/noticia\/imagens\/previsao-do-tempo-e-temperatura.jpg 300w, https:\/\/migracao.redenoticia.com.br\/noticia\/imagens\/previsao-do-tempo-e-temperatura-250x160.jpg 250w, https:\/\/migracao.redenoticia.com.br\/noticia\/imagens\/previsao-do-tempo-e-temperatura-150x96.jpg 150w\" sizes=\"auto, (max-width: 300px) 100vw, 300px\" \/><\/em><\/strong><\/p>\n<p><strong><em>Previs\u00e3o do tempo<\/em><\/strong> \u2013 a <strong><em>meteorologia<\/em><\/strong> divulgou a previs\u00e3o do tempo e <strong><em>temperatura<\/em><\/strong> para quinta-feira, 17\/06, e informa que o dia ter\u00e1 muitas nuvens e pancadas de chuva com trovoadas entre o norte do RS, SC e sul do PR. Segundo a previs\u00e3o do tempo no litoral do RS e sul de SC chover\u00e1 de forma isolada. Entre o leste do RN e de AL haver\u00e1 muitas nuvens e chuva a qualquer hora. Em algumas localidades poder\u00e9 ocorrer acumulados de chuva significativos. Dados da previs\u00e3o do tempo indicam que \u00e1reas de instabilidade provocar\u00e3o pancadas de chuva no centro-norte do AM, norte do PA, em RR, AP, norte do MA, do PI e do CE. A previs\u00e3o do tempo destaca que nas demais \u00e1reas do pa\u00eds a massa de ar seco seguir\u00e1 predominando deixando o dia ensolarado e com baixos valores de umidade relativa do ar em alguns pontos do Centro-Oeste e Sudeste. As temperaturas estar\u00e3o baixas no Sul do pa\u00eds.<\/p>\n<p>Regi\u00e3o Centro-Oeste \u2013 previs\u00e3o do tempo em 17\/06\/2010: Em todas as \u00e1reas da regi\u00e3o: predom\u00ednio de sol. Os valores de umidade relativa estar\u00e3o baixos no per\u00edodo da tarde. Temperaturas m\u00e1ximas elevadas.<\/p>\n<p>Regi\u00e3o Nordeste \u2013 previs\u00e3o do tempo em 17\/06\/2010: No litoral entre SE e o RN: nublado com per\u00edodos de chuva no decorrer do dia. Haver\u00e1 chance de acumulado significativo de chuva nestas \u00e1reas. Pancada de chuva no norte do MA, norte do PI, centro-norte do CE, interior do RN, PB, PE, AL e SE. Varia\u00e7\u00e3o de nuvens no leste da BA, oeste de PE Nas demais \u00e1reas da regi\u00e3o haver\u00e1 predom\u00ednio de sol. Baixa umidade do ar no oeste da BA Temperatura m\u00e1xima: 33C interior do PI Temperatura m\u00ednima: 21C no interior de PE.<\/p>\n<p>Regi\u00e3o Norte \u2013 previs\u00e3o do tempo em 17\/06\/2010: Pancada de chuva no norte do AM, faixa norte do PA, RR e AP com chance de chuva localmente forte nestas \u00e1reas. Pancada de chuva na parte da tarde no oeste e sudoeste do AM e AC. Varia\u00e7\u00e3o de nuvens e pequena chance de pancada de chuva r\u00e1pida e localizada no centro-leste do AM, centro do PA e norte do TO. Temperaturas est\u00e1veis.<\/p>\n<p>Regi\u00e3o Sudeste \u2013 previs\u00e3o do tempo em 17\/06\/2010: No nordeste de MG: varia\u00e7\u00e3o de nebulosidade. Nas demais \u00e1reas da Regi\u00e3o: predom\u00ednio de sol. A umidade relativa do ar estar\u00e1 baixa em grande parte da regi\u00e3o. Haver\u00e1 chance de nevoeiros em \u00e1reas de SP e MG. Temperaturas est\u00e1veis.<\/p>\n<p>Regi\u00e3o Sul \u2013 previs\u00e3o do tempo em 17\/06\/2010: No extremo norte do RS, SC e sudoeste do PR: nublado com pancada de chuva. No nordeste do RS: varia\u00e7\u00e3o de nuvens e pancadas de chuva pela manh\u00e3. No leste do RS: nublado com chuva isolada. No centro e sul do RS: dia nublado. No oeste do RS: parcialmente nublado. no leste centro-sul e oeste do PR: possibilidade de pancadas de chuva. Nas demais \u00e1reas do PR: sol entre poucas nuvens. Haver\u00e1 chance de nevoeiros no centro e oeste do RS. As temperaturas estar\u00e3o baixas. Temperatura minima de 8 graus em Ponta Grossa-PR. Temperatura m\u00e1xima de 30 graus em Guaira\u00e7\u00e1, noroeste do PR.<\/p>\n<p>Previs\u00e3o do tempo e temperatura CPTEC<\/p>\n","protected":false},"excerpt":{"rendered":"<p>Previs\u00e3o do tempo \u2013 a meteorologia divulgou a previs\u00e3o do tempo e temperatura para quinta-feira, 17\/06, e informa que o dia ter\u00e1 muitas nuvens e pancadas de chuva com trovoadas entre o norte do RS, SC e sul do PR. Segundo a previs\u00e3o do tempo no litoral do RS e sul de SC chover\u00e1 de [&hellip;]<\/p>\n","protected":false},"author":3,"featured_media":28409,"comment_status":"open","ping_status":"open","sticky":false,"template":"","format":"standard","meta":{"tdm_status":"","tdm_grid_status":"","footnotes":""},"categories":[22,327,376],"tags":[],"class_list":{"0":"post-29224","1":"post","2":"type-post","3":"status-publish","4":"format-standard","5":"has-post-thumbnail","7":"category-brasil","8":"category-clima","9":"category-clima-brasil"},"_links":{"self":[{"href":"https:\/\/migracao.redenoticia.com.br\/noticia\/wp-json\/wp\/v2\/posts\/29224","targetHints":{"allow":["GET"]}}],"collection":[{"href":"https:\/\/migracao.redenoticia.com.br\/noticia\/wp-json\/wp\/v2\/posts"}],"about":[{"href":"https:\/\/migracao.redenoticia.com.br\/noticia\/wp-json\/wp\/v2\/types\/post"}],"author":[{"embeddable":true,"href":"https:\/\/migracao.redenoticia.com.br\/noticia\/wp-json\/wp\/v2\/users\/3"}],"replies":[{"embeddable":true,"href":"https:\/\/migracao.redenoticia.com.br\/noticia\/wp-json\/wp\/v2\/comments?post=29224"}],"version-history":[{"count":0,"href":"https:\/\/migracao.redenoticia.com.br\/noticia\/wp-json\/wp\/v2\/posts\/29224\/revisions"}],"wp:featuredmedia":[{"embeddable":true,"href":"https:\/\/migracao.redenoticia.com.br\/noticia\/wp-json\/wp\/v2\/media\/28409"}],"wp:attachment":[{"href":"https:\/\/migracao.redenoticia.com.br\/noticia\/wp-json\/wp\/v2\/media?parent=29224"}],"wp:term":[{"taxonomy":"category","embeddable":true,"href":"https:\/\/migracao.redenoticia.com.br\/noticia\/wp-json\/wp\/v2\/categories?post=29224"},{"taxonomy":"post_tag","embeddable":true,"href":"https:\/\/migracao.redenoticia.com.br\/noticia\/wp-json\/wp\/v2\/tags?post=29224"}],"curies":[{"name":"wp","href":"https:\/\/api.w.org\/{rel}","templated":true}]}}