{"id":29284,"date":"2010-06-10T23:48:06","date_gmt":"2010-06-11T03:48:06","guid":{"rendered":"http:\/\/www.redenoticia.com.br\/noticia\/?p=29284"},"modified":"2010-06-10T23:48:06","modified_gmt":"2010-06-11T03:48:06","slug":"sisu-%e2%80%93-inscricao-ate-14-de-junho","status":"publish","type":"post","link":"https:\/\/migracao.redenoticia.com.br\/noticia\/2010\/sisu-%e2%80%93-inscricao-ate-14-de-junho\/29284","title":{"rendered":"SISU \u2013 inscri\u00e7\u00e3o at\u00e9 14 de Junho"},"content":{"rendered":"<p><strong><em><img loading=\"lazy\" decoding=\"async\" class=\"alignleft size-full wp-image-22752\" title=\"sisu enem mec\" src=\"https:\/\/migracao.redenoticia.com.br\/noticia\/imagens\/sisu-enem-mec.jpg\" alt=\"\" width=\"300\" height=\"193\" srcset=\"https:\/\/migracao.redenoticia.com.br\/noticia\/imagens\/sisu-enem-mec.jpg 300w, https:\/\/migracao.redenoticia.com.br\/noticia\/imagens\/sisu-enem-mec-250x161.jpg 250w, https:\/\/migracao.redenoticia.com.br\/noticia\/imagens\/sisu-enem-mec-150x97.jpg 150w\" sizes=\"auto, (max-width: 300px) 100vw, 300px\" \/>SISU<\/em><\/strong> &#8211; a novidade do Sisu 2010\/2 \u00e9 que os candidatos que fizeram o <strong><em>Enem<\/em><\/strong> podem inscrever-se, em ordem de prefer\u00eancia, em at\u00e9 duas op\u00e7\u00f5es de cursos e institui\u00e7\u00f5es participantes do sistema do <strong><em>MEC<\/em><\/strong>. Ao final das inscri\u00e7\u00f5es, o sistema selecionar\u00e1 automaticamente os candidatos melhor classificados de acordo com a nota. Com as duas op\u00e7\u00f5es, o candidato tem mais chance de ser selecionado. As <strong><em>inscri\u00e7\u00f5es<\/em><\/strong> para o Sistema de Sele\u00e7\u00e3o Unificada ser\u00e3o feitas em etapa \u00fanica e estar\u00e3o abertas at\u00e9 14 de junho, de 8h \u00e0s 23h59 (hor\u00e1rio de Bras\u00edlia).<\/p>\n<p>A Universidade Federal do Maranh\u00e3o (UFMA) \u00e9 a institui\u00e7\u00e3o com maior n\u00famero de vagas ofertadas para a segunda edi\u00e7\u00e3o do Sistema de Sele\u00e7\u00e3o Unificada (SiSU). Ao todo, s\u00e3o 2.816 vagas em 63 cursos superiores, seguida da Universidade Tecnol\u00f3gica Federal do Paran\u00e1 (UTFPR), que conta com 2.696 vagas em 72 cursos e da Universidade Federal Rural de Pernambuco (UFRPE), com 1.560 vagas abertas em 42 cursos.<\/p>\n<p>Na rede de educa\u00e7\u00e3o tecnol\u00f3gica, a maior oferta \u00e9 a do Centro Federal de Educa\u00e7\u00e3o Tecnol\u00f3gica Celso Suckow da Fonseca (CEFET\/RJ) com 572 vagas. O Instituto Federal de Educa\u00e7\u00e3o, Ci\u00eancia e Tecnologia do Cear\u00e1 (IFCE), que participa pela primeira vez do sistema, tem a segunda maior oferta, com um total de 500 vagas.<\/p>\n<p>Assessoria de Comunica\u00e7\u00e3o Social<\/p>\n","protected":false},"excerpt":{"rendered":"<p>SISU &#8211; a novidade do Sisu 2010\/2 \u00e9 que os candidatos que fizeram o Enem podem inscrever-se, em ordem de prefer\u00eancia, em at\u00e9 duas op\u00e7\u00f5es de cursos e institui\u00e7\u00f5es participantes do sistema do MEC. Ao final das inscri\u00e7\u00f5es, o sistema selecionar\u00e1 automaticamente os candidatos melhor classificados de acordo com a nota. Com as duas op\u00e7\u00f5es, [&hellip;]<\/p>\n","protected":false},"author":3,"featured_media":22752,"comment_status":"open","ping_status":"open","sticky":false,"template":"","format":"standard","meta":{"tdm_status":"","tdm_grid_status":"","footnotes":""},"categories":[22,370,295],"tags":[],"class_list":{"0":"post-29284","1":"post","2":"type-post","3":"status-publish","4":"format-standard","5":"has-post-thumbnail","7":"category-brasil","8":"category-inscricao","9":"category-vestibular"},"_links":{"self":[{"href":"https:\/\/migracao.redenoticia.com.br\/noticia\/wp-json\/wp\/v2\/posts\/29284","targetHints":{"allow":["GET"]}}],"collection":[{"href":"https:\/\/migracao.redenoticia.com.br\/noticia\/wp-json\/wp\/v2\/posts"}],"about":[{"href":"https:\/\/migracao.redenoticia.com.br\/noticia\/wp-json\/wp\/v2\/types\/post"}],"author":[{"embeddable":true,"href":"https:\/\/migracao.redenoticia.com.br\/noticia\/wp-json\/wp\/v2\/users\/3"}],"replies":[{"embeddable":true,"href":"https:\/\/migracao.redenoticia.com.br\/noticia\/wp-json\/wp\/v2\/comments?post=29284"}],"version-history":[{"count":0,"href":"https:\/\/migracao.redenoticia.com.br\/noticia\/wp-json\/wp\/v2\/posts\/29284\/revisions"}],"wp:featuredmedia":[{"embeddable":true,"href":"https:\/\/migracao.redenoticia.com.br\/noticia\/wp-json\/wp\/v2\/media\/22752"}],"wp:attachment":[{"href":"https:\/\/migracao.redenoticia.com.br\/noticia\/wp-json\/wp\/v2\/media?parent=29284"}],"wp:term":[{"taxonomy":"category","embeddable":true,"href":"https:\/\/migracao.redenoticia.com.br\/noticia\/wp-json\/wp\/v2\/categories?post=29284"},{"taxonomy":"post_tag","embeddable":true,"href":"https:\/\/migracao.redenoticia.com.br\/noticia\/wp-json\/wp\/v2\/tags?post=29284"}],"curies":[{"name":"wp","href":"https:\/\/api.w.org\/{rel}","templated":true}]}}