{"id":29288,"date":"2010-06-11T09:13:35","date_gmt":"2010-06-11T13:13:35","guid":{"rendered":"http:\/\/www.redenoticia.com.br\/noticia\/?p=29288"},"modified":"2010-06-11T09:13:35","modified_gmt":"2010-06-11T13:13:35","slug":"31%c2%aa-expojipa-%e2%80%93-show-de-premios","status":"publish","type":"post","link":"https:\/\/migracao.redenoticia.com.br\/noticia\/2010\/31%c2%aa-expojipa-%e2%80%93-show-de-premios\/29288","title":{"rendered":"31\u00aa Expojipa \u2013 Show de pr\u00eamios"},"content":{"rendered":"<div id=\"_mcePaste\">O show de pr\u00eamios tem sido uma das grandes atra\u00e7\u00f5es da Exposi\u00e7\u00e3o Agropecu\u00e1ria, Industrial e Comercial de Ji-Paran\u00e1,( EXPOJIPA). Pela nona vez consecutiva a Associa\u00e7\u00e3o Rural de Rond\u00f4nia, (ARR) colocou a disposi\u00e7\u00e3o da comunidade passaportes para a festa ao pre\u00e7o de R$ 80, que serve como entrada para as nove noites de festa e ainda d\u00e1 direito a concorrer a v\u00e1rios \u00a0pr\u00eamios. Este ano a premia\u00e7\u00e3o ser\u00e1 de duas caminhonetes S-10 Flex Power, um Fiat Uno e um Gol.<\/div>\n<div id=\"_mcePaste\">Todos os pr\u00eamios est\u00e3o avaliados em cerca de R$ 200 mil. \u201cOs pr\u00eamios que sorteamos durante o show de pr\u00eamios tem mudado pra melhor a vida de muita gente que participa da Expojipa e n\u00f3s da diretoria ficamos felizes por proporcionar essa mudan\u00e7a na vida das pessoas!\u201d argumentou Solivan Lima Chaves, o Curi\u00f3, presidente da ARR.<\/div>\n<div id=\"_mcePaste\">A Expojipa foi a 1\u00aa Feira Agropecu\u00e1ria a lan\u00e7ar o show de pr\u00eamios no estado de Rond\u00f4nia. Ao todo j\u00e1 foram sorteados 44 carros populares, quatro motos e 17 caminhonetes. O sorteio \u00e9 presencial, sendo assim, pr\u00eamio \u00e9 entregue somente para a pessoa que estiver durante evento.<\/div>\n<div id=\"_mcePaste\">O show de pr\u00eamios tem atra\u00eddo uma m\u00e9dia de 30 mil pessoas por noite, no Parque de Exposi\u00e7\u00f5es Herm\u00ednio Victorelli.<\/div>\n<p>O show de pr\u00eamios tem sido uma das grandes atra\u00e7\u00f5es da Exposi\u00e7\u00e3o Agropecu\u00e1ria, Industrial e Comercial de Ji-Paran\u00e1,( EXPOJIPA). Pela nona vez consecutiva a Associa\u00e7\u00e3o Rural de Rond\u00f4nia, (ARR) colocou a disposi\u00e7\u00e3o da comunidade passaportes para a festa ao pre\u00e7o de R$ 80, que serve como entrada para as nove noites de festa e ainda d\u00e1 direito a concorrer a v\u00e1rios \u00a0pr\u00eamios. Este ano a premia\u00e7\u00e3o ser\u00e1 de duas caminhonetes S-10 Flex Power, um Fiat Uno e um Gol.<br \/>\nTodos os pr\u00eamios est\u00e3o avaliados em cerca de R$ 200 mil. \u201cOs pr\u00eamios que sorteamos durante o show de pr\u00eamios tem mudado pra melhor a vida de muita gente que participa da Expojipa e n\u00f3s da diretoria ficamos felizes por proporcionar essa mudan\u00e7a na vida das pessoas!\u201d argumentou Solivan Lima Chaves, o Curi\u00f3, presidente da ARR.<br \/>\nA Expojipa foi a 1\u00aa Feira Agropecu\u00e1ria a lan\u00e7ar o show de pr\u00eamios no estado de Rond\u00f4nia. Ao todo j\u00e1 foram sorteados 44 carros populares, quatro motos e 17 caminhonetes. O sorteio \u00e9 presencial, sendo assim, pr\u00eamio \u00e9 entregue somente para a pessoa que estiver durante evento.<br \/>\nO show de pr\u00eamios tem atra\u00eddo uma m\u00e9dia de 30 mil pessoas por noite, no Parque de Exposi\u00e7\u00f5es Herm\u00ednio Victorelli.<\/p>\n","protected":false},"excerpt":{"rendered":"<p>O show de pr\u00eamios tem sido uma das grandes atra\u00e7\u00f5es da Exposi\u00e7\u00e3o Agropecu\u00e1ria, Industrial e Comercial de Ji-Paran\u00e1,( EXPOJIPA). Pela nona vez consecutiva a Associa\u00e7\u00e3o Rural de Rond\u00f4nia, (ARR) colocou a disposi\u00e7\u00e3o da comunidade passaportes para a festa ao pre\u00e7o de R$ 80, que serve como entrada para as nove noites de festa e ainda [&hellip;]<\/p>\n","protected":false},"author":2,"featured_media":0,"comment_status":"open","ping_status":"open","sticky":false,"template":"","format":"standard","meta":{"tdm_status":"","tdm_grid_status":"","footnotes":""},"categories":[22],"tags":[],"class_list":{"0":"post-29288","1":"post","2":"type-post","3":"status-publish","4":"format-standard","6":"category-brasil"},"_links":{"self":[{"href":"https:\/\/migracao.redenoticia.com.br\/noticia\/wp-json\/wp\/v2\/posts\/29288","targetHints":{"allow":["GET"]}}],"collection":[{"href":"https:\/\/migracao.redenoticia.com.br\/noticia\/wp-json\/wp\/v2\/posts"}],"about":[{"href":"https:\/\/migracao.redenoticia.com.br\/noticia\/wp-json\/wp\/v2\/types\/post"}],"author":[{"embeddable":true,"href":"https:\/\/migracao.redenoticia.com.br\/noticia\/wp-json\/wp\/v2\/users\/2"}],"replies":[{"embeddable":true,"href":"https:\/\/migracao.redenoticia.com.br\/noticia\/wp-json\/wp\/v2\/comments?post=29288"}],"version-history":[{"count":0,"href":"https:\/\/migracao.redenoticia.com.br\/noticia\/wp-json\/wp\/v2\/posts\/29288\/revisions"}],"wp:attachment":[{"href":"https:\/\/migracao.redenoticia.com.br\/noticia\/wp-json\/wp\/v2\/media?parent=29288"}],"wp:term":[{"taxonomy":"category","embeddable":true,"href":"https:\/\/migracao.redenoticia.com.br\/noticia\/wp-json\/wp\/v2\/categories?post=29288"},{"taxonomy":"post_tag","embeddable":true,"href":"https:\/\/migracao.redenoticia.com.br\/noticia\/wp-json\/wp\/v2\/tags?post=29288"}],"curies":[{"name":"wp","href":"https:\/\/api.w.org\/{rel}","templated":true}]}}