{"id":29291,"date":"2010-06-11T09:31:21","date_gmt":"2010-06-11T13:31:21","guid":{"rendered":"http:\/\/www.redenoticia.com.br\/noticia\/?p=29291"},"modified":"2010-06-11T09:31:21","modified_gmt":"2010-06-11T13:31:21","slug":"copa-do-mundo-2010-%e2%80%93-34-acredita-no-hexa-da-selecao-brasileira","status":"publish","type":"post","link":"https:\/\/migracao.redenoticia.com.br\/noticia\/2010\/copa-do-mundo-2010-%e2%80%93-34-acredita-no-hexa-da-selecao-brasileira\/29291","title":{"rendered":"Copa do Mundo 2010 \u2013 34% acredita no hexa da sele\u00e7\u00e3o brasileira"},"content":{"rendered":"<p><strong><em><img loading=\"lazy\" decoding=\"async\" class=\"alignleft size-full wp-image-27695\" title=\"copa mundo 2010 dunga selecao brasileira africa do sul\" src=\"https:\/\/migracao.redenoticia.com.br\/noticia\/imagens\/copa-mundo-2010-dunga-selecao-brasileira-africa-do-sul.jpg\" alt=\"\" width=\"300\" height=\"193\" srcset=\"https:\/\/migracao.redenoticia.com.br\/noticia\/imagens\/copa-mundo-2010-dunga-selecao-brasileira-africa-do-sul.jpg 300w, https:\/\/migracao.redenoticia.com.br\/noticia\/imagens\/copa-mundo-2010-dunga-selecao-brasileira-africa-do-sul-250x160.jpg 250w, https:\/\/migracao.redenoticia.com.br\/noticia\/imagens\/copa-mundo-2010-dunga-selecao-brasileira-africa-do-sul-150x96.jpg 150w\" sizes=\"auto, (max-width: 300px) 100vw, 300px\" \/>Sele\u00e7\u00e3o Brasileira<\/em><\/strong> na <strong><em>Copa do Mundo 2010<\/em><\/strong> &#8211; se depender da confian\u00e7a de um ter\u00e7o dos habitantes do mundo, os brasileiros j\u00e1 podem comemorar o hexacampeonato no Copa do Mundo 2010 na <strong><em>\u00c1frica do Sul<\/em><\/strong>. Em um estudo realizado pela Nielsen (www.br.nielsen.com), l\u00edder global em pesquisas, a sele\u00e7\u00e3o brasileira foi apontada como favorita ao t\u00edtulo por 34% dos entrevistados em todas as regi\u00f5es do globo. Na Am\u00e9rica Latina, o porcentual foi de 57%.<\/p>\n<p>Os italianos, atuais campe\u00f5es, t\u00eam a confian\u00e7a de 6% dos pesquisados. Argentina, Alemanha e Inglaterra, 9%, e a sele\u00e7\u00e3o espanhola, vencedora da \u00faltima edi\u00e7\u00e3o da Eurocopa, teve a indica\u00e7\u00e3o de 8% das pessoas entrevistadas. Comandados pelo t\u00e9cnico Raymond Domenech, os franceses foram citados por 5% dos consultados.<\/p>\n<p>Tida como uma das maiores zebras futebol\u00edsticas da hist\u00f3ria e, inclusive, tema do filme The Game of Their Lives (Duelo de Campe\u00f5es, em portugu\u00eas), a her\u00f3ica vit\u00f3ria dos Estados Unidos sobre a Inglaterra, na Copa de 1950, poder\u00e1 ser superada pela conquista do t\u00edtulo norte-americano no Mundial deste ano, pelo menos na cren\u00e7a de 9% das pessoas consultadas. Vale ressaltar que 46% destas opini\u00f5es vieram da Am\u00e9rica do Norte.<\/p>\n<p>Momento m\u00e1gico &#8211; A Copa do Mundo parece ter um poder especial de capta\u00e7\u00e3o de f\u00e3s. Mais da metade da popula\u00e7\u00e3o mundial, exatamente 51%, dever\u00e1 estar ligada na final do Mundial. Apesar deste n\u00famero, apenas 34% dos consultados se declararam f\u00e3s do esporte. Entre continentes e regi\u00f5es, 60% ou mais dos europeus, latino-americanos, asi\u00e1ticos do Pac\u00edfico e dos habitantes do Oriente M\u00e9dio declararam interesse em acompanhar as finais. Entre os pa\u00edses que mais pretendem acompanhar os jogos de encerramento do torneio, est\u00e3o Brasil (84%), Argentina (83%), Cor\u00e9ia (76%), Portugal (75%), It\u00e1lia (75%) e M\u00e9xico (74%).<\/p>\n<p>Copa do Mundo 2010 \u2013 sele\u00e7\u00e3o brasileira<\/p>\n<p>Imagem &#8211; CBF<\/p>\n","protected":false},"excerpt":{"rendered":"<p>Sele\u00e7\u00e3o Brasileira na Copa do Mundo 2010 &#8211; se depender da confian\u00e7a de um ter\u00e7o dos habitantes do mundo, os brasileiros j\u00e1 podem comemorar o hexacampeonato no Copa do Mundo 2010 na \u00c1frica do Sul. Em um estudo realizado pela Nielsen (www.br.nielsen.com), l\u00edder global em pesquisas, a sele\u00e7\u00e3o brasileira foi apontada como favorita ao t\u00edtulo [&hellip;]<\/p>\n","protected":false},"author":3,"featured_media":27695,"comment_status":"open","ping_status":"open","sticky":false,"template":"","format":"standard","meta":{"tdm_status":"","tdm_grid_status":"","footnotes":""},"categories":[22,343],"tags":[],"class_list":{"0":"post-29291","1":"post","2":"type-post","3":"status-publish","4":"format-standard","5":"has-post-thumbnail","7":"category-brasil","8":"category-televisao"},"_links":{"self":[{"href":"https:\/\/migracao.redenoticia.com.br\/noticia\/wp-json\/wp\/v2\/posts\/29291","targetHints":{"allow":["GET"]}}],"collection":[{"href":"https:\/\/migracao.redenoticia.com.br\/noticia\/wp-json\/wp\/v2\/posts"}],"about":[{"href":"https:\/\/migracao.redenoticia.com.br\/noticia\/wp-json\/wp\/v2\/types\/post"}],"author":[{"embeddable":true,"href":"https:\/\/migracao.redenoticia.com.br\/noticia\/wp-json\/wp\/v2\/users\/3"}],"replies":[{"embeddable":true,"href":"https:\/\/migracao.redenoticia.com.br\/noticia\/wp-json\/wp\/v2\/comments?post=29291"}],"version-history":[{"count":0,"href":"https:\/\/migracao.redenoticia.com.br\/noticia\/wp-json\/wp\/v2\/posts\/29291\/revisions"}],"wp:featuredmedia":[{"embeddable":true,"href":"https:\/\/migracao.redenoticia.com.br\/noticia\/wp-json\/wp\/v2\/media\/27695"}],"wp:attachment":[{"href":"https:\/\/migracao.redenoticia.com.br\/noticia\/wp-json\/wp\/v2\/media?parent=29291"}],"wp:term":[{"taxonomy":"category","embeddable":true,"href":"https:\/\/migracao.redenoticia.com.br\/noticia\/wp-json\/wp\/v2\/categories?post=29291"},{"taxonomy":"post_tag","embeddable":true,"href":"https:\/\/migracao.redenoticia.com.br\/noticia\/wp-json\/wp\/v2\/tags?post=29291"}],"curies":[{"name":"wp","href":"https:\/\/api.w.org\/{rel}","templated":true}]}}