{"id":29312,"date":"2010-06-11T23:41:06","date_gmt":"2010-06-12T03:41:06","guid":{"rendered":"http:\/\/www.redenoticia.com.br\/noticia\/?p=29312"},"modified":"2010-06-11T23:41:06","modified_gmt":"2010-06-12T03:41:06","slug":"copa-do-mundo-2010-%e2%80%93-uruguai-ganha-primeira-expulsao","status":"publish","type":"post","link":"https:\/\/migracao.redenoticia.com.br\/noticia\/2010\/copa-do-mundo-2010-%e2%80%93-uruguai-ganha-primeira-expulsao\/29312","title":{"rendered":"Copa do Mundo 2010 \u2013 Uruguai ganha primeira expuls\u00e3o"},"content":{"rendered":"<p><strong><em><img loading=\"lazy\" decoding=\"async\" class=\"alignleft size-full wp-image-29313\" title=\"copa mundo 2010 uruguai franca credito image.net\" src=\"https:\/\/migracao.redenoticia.com.br\/noticia\/imagens\/copa-mundo-2010-uruguai-franca-credito-image.net_.jpg\" alt=\"\" width=\"300\" height=\"193\" srcset=\"https:\/\/migracao.redenoticia.com.br\/noticia\/imagens\/copa-mundo-2010-uruguai-franca-credito-image.net_.jpg 300w, https:\/\/migracao.redenoticia.com.br\/noticia\/imagens\/copa-mundo-2010-uruguai-franca-credito-image.net_-250x160.jpg 250w, https:\/\/migracao.redenoticia.com.br\/noticia\/imagens\/copa-mundo-2010-uruguai-franca-credito-image.net_-150x96.jpg 150w\" sizes=\"auto, (max-width: 300px) 100vw, 300px\" \/>Copa do Mundo 2010<\/em><\/strong> na <strong><em>\u00c1frica do Sul <\/em><\/strong>\u2013 Loudeiro do Uruguai foi o primeiro jogador expulso da Copa do Mundo <strong><em>FIFA<\/em><\/strong>, nesta sexta-feira (11\/06). <strong><em>Loudeiro<\/em><\/strong> entrou no segundo tempo do segundo jogo do grupo \u201cA\u201d, entre Fran\u00e7a e Uruguai. Em apenas 18 minutos conquistou dois cart\u00f5es e a expuls\u00e3o. O jogo que aconteceu no belo est\u00e1dio Green Point, na Cidade do Cabo, foi arrastado, cheio de passes errados e terminou com o placar 0 a 0. A Fran\u00e7a foi o time que mostrou o ataque mais ofensivo nos dois tempos do jogo, mas n\u00e3o soube concluir os ataques.<\/p>\n<p>O outro jogo do grupo \u201cA\u201d, que abriu a Copa do Mundo 2010, foi entre \u00c1frica e M\u00e9xico. A disputa come\u00e7ou tensa e com um forte ataque do M\u00e9xico, mas aos poucos a \u00c1frica dominou o nervosismo e tornou o jogo uma disputa emocionante. No segundo tempo as duas equipes marcaram gol. Tshabalala abriu o placar com um gola\u00e7o no contra-ataque aos 10 minutos, e o jogador mexicano Rafa M\u00e1rquez marcou aos 34 minutos. A \u00c1frica poderia ter alcan\u00e7ado um resultado melhor, pois criou diversas situa\u00e7\u00f5es de finaliza\u00e7\u00e3o e sofreu um p\u00eanalti que n\u00e3o foi marcado pelo juiz.<\/p>\n<p>No final, ap\u00f3s 29 faltas e com a temperatura muito baixa, o placar ficou em 1 x 1 e Tshabalala, autor do gol da \u00c1frica, foi eleito pela FIFA como o melhor jogador da partida. Na opini\u00e3o das internautas o jogador mais bonito do dia foi Yoann Gourcuff, da Fran\u00e7a.<\/p>\n<p>Copa do Mundo 2010<\/p>\n<p>Foto Image.net<\/p>\n","protected":false},"excerpt":{"rendered":"<p>Copa do Mundo 2010 na \u00c1frica do Sul \u2013 Loudeiro do Uruguai foi o primeiro jogador expulso da Copa do Mundo FIFA, nesta sexta-feira (11\/06). Loudeiro entrou no segundo tempo do segundo jogo do grupo \u201cA\u201d, entre Fran\u00e7a e Uruguai. Em apenas 18 minutos conquistou dois cart\u00f5es e a expuls\u00e3o. O jogo que aconteceu no [&hellip;]<\/p>\n","protected":false},"author":3,"featured_media":29313,"comment_status":"open","ping_status":"open","sticky":false,"template":"","format":"standard","meta":{"tdm_status":"","tdm_grid_status":"","footnotes":""},"categories":[22,343],"tags":[],"class_list":{"0":"post-29312","1":"post","2":"type-post","3":"status-publish","4":"format-standard","5":"has-post-thumbnail","7":"category-brasil","8":"category-televisao"},"_links":{"self":[{"href":"https:\/\/migracao.redenoticia.com.br\/noticia\/wp-json\/wp\/v2\/posts\/29312","targetHints":{"allow":["GET"]}}],"collection":[{"href":"https:\/\/migracao.redenoticia.com.br\/noticia\/wp-json\/wp\/v2\/posts"}],"about":[{"href":"https:\/\/migracao.redenoticia.com.br\/noticia\/wp-json\/wp\/v2\/types\/post"}],"author":[{"embeddable":true,"href":"https:\/\/migracao.redenoticia.com.br\/noticia\/wp-json\/wp\/v2\/users\/3"}],"replies":[{"embeddable":true,"href":"https:\/\/migracao.redenoticia.com.br\/noticia\/wp-json\/wp\/v2\/comments?post=29312"}],"version-history":[{"count":0,"href":"https:\/\/migracao.redenoticia.com.br\/noticia\/wp-json\/wp\/v2\/posts\/29312\/revisions"}],"wp:featuredmedia":[{"embeddable":true,"href":"https:\/\/migracao.redenoticia.com.br\/noticia\/wp-json\/wp\/v2\/media\/29313"}],"wp:attachment":[{"href":"https:\/\/migracao.redenoticia.com.br\/noticia\/wp-json\/wp\/v2\/media?parent=29312"}],"wp:term":[{"taxonomy":"category","embeddable":true,"href":"https:\/\/migracao.redenoticia.com.br\/noticia\/wp-json\/wp\/v2\/categories?post=29312"},{"taxonomy":"post_tag","embeddable":true,"href":"https:\/\/migracao.redenoticia.com.br\/noticia\/wp-json\/wp\/v2\/tags?post=29312"}],"curies":[{"name":"wp","href":"https:\/\/api.w.org\/{rel}","templated":true}]}}