{"id":29391,"date":"2010-06-14T00:24:08","date_gmt":"2010-06-14T04:24:08","guid":{"rendered":"http:\/\/www.redenoticia.com.br\/noticia\/?p=29391"},"modified":"2010-06-14T00:25:28","modified_gmt":"2010-06-14T04:25:28","slug":"copa-do-mundo-2010-%e2%80%93-penalti-e-goleada-no-mundial-da-fifa","status":"publish","type":"post","link":"https:\/\/migracao.redenoticia.com.br\/noticia\/2010\/copa-do-mundo-2010-%e2%80%93-penalti-e-goleada-no-mundial-da-fifa\/29391","title":{"rendered":"Copa do Mundo 2010 \u2013 p\u00eanalti e goleada no mundial da FIFA"},"content":{"rendered":"<p><strong><em><img loading=\"lazy\" decoding=\"async\" class=\"alignleft size-full wp-image-29392\" title=\"copa do mundo 2010\" src=\"https:\/\/migracao.redenoticia.com.br\/noticia\/imagens\/copa-do-mundo-2010.jpg\" alt=\"\" width=\"300\" height=\"193\" srcset=\"https:\/\/migracao.redenoticia.com.br\/noticia\/imagens\/copa-do-mundo-2010.jpg 300w, https:\/\/migracao.redenoticia.com.br\/noticia\/imagens\/copa-do-mundo-2010-250x160.jpg 250w, https:\/\/migracao.redenoticia.com.br\/noticia\/imagens\/copa-do-mundo-2010-150x96.jpg 150w\" sizes=\"auto, (max-width: 300px) 100vw, 300px\" \/>Copa do Mundo 2010<\/em><\/strong> na <strong><em>\u00c1frica do Sul<\/em><\/strong> \u2013 neste domingo (13\/06) mais tr\u00eas jogos foram disputados pela Copa do Mundo 2010. A Eslov\u00eania assumiu a lideran\u00e7a do Grupo C ao derrotar a Arg\u00e9lia por 1 a 0, no est\u00e1dio Peter Mokaba, em Polokwane, gol de Koren, ap\u00f3s falha do goleiro Chaouchi. Na disputa entre Gana e S\u00e9rvia quem levou a melhor foi a sele\u00e7\u00e3o africana, que venceu por 1 a 0 no est\u00e1dio Loftus Versfeld, em Pret\u00f3ria com o p\u00fablico de 38.833 pagantes. Durante um cruzamento na \u00e1rea, Kuzmanovic bateu a m\u00e3o na bola e o \u00e1rbitro argentino Hector Baldassi marcou <strong><em>p\u00eanalti <\/em><\/strong>para Gana. Gyan cobrou o p\u00eanalti aos 38 minutos do segundo tempo e marcou o gol da partida de abertura do grupo D. \u00a0<\/p>\n<p>A primeira goleada da Copa do Mundo 2010 aconteceu no jogo entre Alemanha e Austr\u00e1lia em Durban. O resultado foi 4 x 0 para a Alemanha, com gol de Lucas Podolski, Miroslav Klose, Thomas Muller e Cacau, jogador brasileiro naturalizado na Alemanha.<\/p>\n<p>Nesta segunda-feira, 14\/06, pela Copa do Mundo 2010 na \u00c1frica do Sul est\u00e3o previstos o jogos do Grupo \u201cE\u201d Holanda x Dinamarca (08h30), Grupo \u201cE\u201d Jap\u00e3o x Camar\u00f5es (11h00) e Grupo \u201cF\u201d It\u00e1lia x Paraguai (15h30) \u2013 hor\u00e1rio de Bras\u00edlia.<\/p>\n<p>Copa do Mundo 2010 \u2013 \u00c1frica do Sul<\/p>\n<p>Foto &#8211; Image.net<\/p>\n","protected":false},"excerpt":{"rendered":"<p>Copa do Mundo 2010 na \u00c1frica do Sul \u2013 neste domingo (13\/06) mais tr\u00eas jogos foram disputados pela Copa do Mundo 2010. A Eslov\u00eania assumiu a lideran\u00e7a do Grupo C ao derrotar a Arg\u00e9lia por 1 a 0, no est\u00e1dio Peter Mokaba, em Polokwane, gol de Koren, ap\u00f3s falha do goleiro Chaouchi. Na disputa entre [&hellip;]<\/p>\n","protected":false},"author":3,"featured_media":29392,"comment_status":"open","ping_status":"open","sticky":false,"template":"","format":"standard","meta":{"tdm_status":"","tdm_grid_status":"","footnotes":""},"categories":[22,343],"tags":[],"class_list":{"0":"post-29391","1":"post","2":"type-post","3":"status-publish","4":"format-standard","5":"has-post-thumbnail","7":"category-brasil","8":"category-televisao"},"_links":{"self":[{"href":"https:\/\/migracao.redenoticia.com.br\/noticia\/wp-json\/wp\/v2\/posts\/29391","targetHints":{"allow":["GET"]}}],"collection":[{"href":"https:\/\/migracao.redenoticia.com.br\/noticia\/wp-json\/wp\/v2\/posts"}],"about":[{"href":"https:\/\/migracao.redenoticia.com.br\/noticia\/wp-json\/wp\/v2\/types\/post"}],"author":[{"embeddable":true,"href":"https:\/\/migracao.redenoticia.com.br\/noticia\/wp-json\/wp\/v2\/users\/3"}],"replies":[{"embeddable":true,"href":"https:\/\/migracao.redenoticia.com.br\/noticia\/wp-json\/wp\/v2\/comments?post=29391"}],"version-history":[{"count":0,"href":"https:\/\/migracao.redenoticia.com.br\/noticia\/wp-json\/wp\/v2\/posts\/29391\/revisions"}],"wp:featuredmedia":[{"embeddable":true,"href":"https:\/\/migracao.redenoticia.com.br\/noticia\/wp-json\/wp\/v2\/media\/29392"}],"wp:attachment":[{"href":"https:\/\/migracao.redenoticia.com.br\/noticia\/wp-json\/wp\/v2\/media?parent=29391"}],"wp:term":[{"taxonomy":"category","embeddable":true,"href":"https:\/\/migracao.redenoticia.com.br\/noticia\/wp-json\/wp\/v2\/categories?post=29391"},{"taxonomy":"post_tag","embeddable":true,"href":"https:\/\/migracao.redenoticia.com.br\/noticia\/wp-json\/wp\/v2\/tags?post=29391"}],"curies":[{"name":"wp","href":"https:\/\/api.w.org\/{rel}","templated":true}]}}