{"id":29443,"date":"2010-06-15T20:45:01","date_gmt":"2010-06-16T00:45:01","guid":{"rendered":"http:\/\/www.redenoticia.com.br\/noticia\/?p=29443"},"modified":"2010-06-15T20:49:04","modified_gmt":"2010-06-16T00:49:04","slug":"copa-do-mundo-2010-%e2%80%93-fifa-declara-maicon-o-melhor-do-jogo","status":"publish","type":"post","link":"https:\/\/migracao.redenoticia.com.br\/noticia\/2010\/copa-do-mundo-2010-%e2%80%93-fifa-declara-maicon-o-melhor-do-jogo\/29443","title":{"rendered":"Copa do Mundo 2010 \u2013 FIFA declara Maicon o melhor do jogo"},"content":{"rendered":"<p><strong><em><img loading=\"lazy\" decoding=\"async\" class=\"alignleft size-full wp-image-28579\" title=\"selecao brasileira copa mundo 2010 africa sul despedida\" src=\"https:\/\/migracao.redenoticia.com.br\/noticia\/imagens\/selecao-brasileira-copa-mundo-2010-africa-sul-despedida.jpg\" alt=\"\" width=\"300\" height=\"193\" srcset=\"https:\/\/migracao.redenoticia.com.br\/noticia\/imagens\/selecao-brasileira-copa-mundo-2010-africa-sul-despedida.jpg 300w, https:\/\/migracao.redenoticia.com.br\/noticia\/imagens\/selecao-brasileira-copa-mundo-2010-africa-sul-despedida-250x160.jpg 250w, https:\/\/migracao.redenoticia.com.br\/noticia\/imagens\/selecao-brasileira-copa-mundo-2010-africa-sul-despedida-150x96.jpg 150w\" sizes=\"auto, (max-width: 300px) 100vw, 300px\" \/>Copa do Mundo 2010<\/em><\/strong> na <strong><em>\u00c1frica do Sul<\/em><\/strong> &#8211; <strong><em>Maicon<\/em><\/strong>, o Lateral da sele\u00e7\u00e3o brasileira, escolhido pela <strong><em>FIFA<\/em><\/strong> o <strong><em>melhor<\/em><\/strong> em campo <strong><em>no jogo<\/em><\/strong> contra a Cor\u00e9ia do Norte transmitido <strong><em>ao vivo<\/em><\/strong> nesta ter\u00e7a-feira (15\/06), foi cumprimentado at\u00e9 pelos seguran\u00e7as. Segundo a CBF, foi um\u00a0 longo caminho percorrido do gramado do Ellis Park at\u00e9 o vesti\u00e1rio da <strong><em>Sele\u00e7\u00e3o Brasileira<\/em><\/strong>, terminado o jogo contra a Cor\u00e9ia do Norte. Maicon teve de parar, primeiro para a entrevista oficial, depois para outras emissoras e\u00a0se dirigir \u00e0 sala de imprensa para receber o pr\u00eamio de melhor jogador dado pela FIFA\u00a0 \u2013 ainda vestido com a camisa 2 e o uniforme completo da Sele\u00e7\u00e3o Brasileira. Maicon saiu\u00a0consagrado do jogo contra a Cor\u00e9ia do Norte, em que marcou o primeiro da vit\u00f3ria de 2 a 1 na estr\u00e9ia do Brasil na Copa do Mundo de 2010.<\/p>\n<p>Elano, autor do segundo gol disse \u201c Claro\u00a0que a gente planeja marcar um gol.\u00a0 Mas\u00a0nem precisava.\u00a0Ent\u00e3o, foi\u00a0perfeito.\u201d Elano comentou\u00a0que seu\u00a0 primeiro\u00a0 pensamento, imediatamente\u00a0ao ver a bola tocar a rede do advers\u00e1rio,\u00a0foi correr para abra\u00e7ar os companheiros.<\/p>\n<p>O goleiro Julio Cesar jogou contra a Coreia do Norte a sua primeira partida, que espera sejam muitas, de uma Copa do Mundo e falou chateado sobre o gol da Coreia \u201c\u00c9 muito chato jogar contra um time que fica todo atr\u00e1s. Eles ficam procurando uma brecha no contra-ataque, e como os norte-coreanos s\u00e3o\u00a0jogadores muito r\u00e1pidos, sabia que uma hora isso poderia\u00a0acontecer.\u201d<\/p>\n<p>Fonte CBF<\/p>\n","protected":false},"excerpt":{"rendered":"<p>Copa do Mundo 2010 na \u00c1frica do Sul &#8211; Maicon, o Lateral da sele\u00e7\u00e3o brasileira, escolhido pela FIFA o melhor em campo no jogo contra a Cor\u00e9ia do Norte transmitido ao vivo nesta ter\u00e7a-feira (15\/06), foi cumprimentado at\u00e9 pelos seguran\u00e7as. Segundo a CBF, foi um\u00a0 longo caminho percorrido do gramado do Ellis Park at\u00e9 o [&hellip;]<\/p>\n","protected":false},"author":3,"featured_media":28579,"comment_status":"open","ping_status":"open","sticky":false,"template":"","format":"standard","meta":{"tdm_status":"","tdm_grid_status":"","footnotes":""},"categories":[22,343],"tags":[],"class_list":{"0":"post-29443","1":"post","2":"type-post","3":"status-publish","4":"format-standard","5":"has-post-thumbnail","7":"category-brasil","8":"category-televisao"},"_links":{"self":[{"href":"https:\/\/migracao.redenoticia.com.br\/noticia\/wp-json\/wp\/v2\/posts\/29443","targetHints":{"allow":["GET"]}}],"collection":[{"href":"https:\/\/migracao.redenoticia.com.br\/noticia\/wp-json\/wp\/v2\/posts"}],"about":[{"href":"https:\/\/migracao.redenoticia.com.br\/noticia\/wp-json\/wp\/v2\/types\/post"}],"author":[{"embeddable":true,"href":"https:\/\/migracao.redenoticia.com.br\/noticia\/wp-json\/wp\/v2\/users\/3"}],"replies":[{"embeddable":true,"href":"https:\/\/migracao.redenoticia.com.br\/noticia\/wp-json\/wp\/v2\/comments?post=29443"}],"version-history":[{"count":0,"href":"https:\/\/migracao.redenoticia.com.br\/noticia\/wp-json\/wp\/v2\/posts\/29443\/revisions"}],"wp:featuredmedia":[{"embeddable":true,"href":"https:\/\/migracao.redenoticia.com.br\/noticia\/wp-json\/wp\/v2\/media\/28579"}],"wp:attachment":[{"href":"https:\/\/migracao.redenoticia.com.br\/noticia\/wp-json\/wp\/v2\/media?parent=29443"}],"wp:term":[{"taxonomy":"category","embeddable":true,"href":"https:\/\/migracao.redenoticia.com.br\/noticia\/wp-json\/wp\/v2\/categories?post=29443"},{"taxonomy":"post_tag","embeddable":true,"href":"https:\/\/migracao.redenoticia.com.br\/noticia\/wp-json\/wp\/v2\/tags?post=29443"}],"curies":[{"name":"wp","href":"https:\/\/api.w.org\/{rel}","templated":true}]}}