{"id":2951,"date":"2009-06-15T17:03:20","date_gmt":"2009-06-15T21:03:20","guid":{"rendered":"http:\/\/www.redenoticia.com.br\/noticia\/?p=2951"},"modified":"2009-06-15T17:14:30","modified_gmt":"2009-06-15T21:14:30","slug":"mpf-vai-a-justica-para-forcar-ex-direcao-da-funasa-a-devolver-milhoes-aos-cofres-publicos","status":"publish","type":"post","link":"https:\/\/migracao.redenoticia.com.br\/noticia\/2009\/mpf-vai-a-justica-para-forcar-ex-direcao-da-funasa-a-devolver-milhoes-aos-cofres-publicos\/2951","title":{"rendered":"MPF vai \u00e0 Justi\u00e7a para for\u00e7ar ex-dire\u00e7\u00e3o da Funasa a devolver milh\u00f5es aos cofres p\u00fablicos"},"content":{"rendered":"<p>O Minist\u00e9rio P\u00fablico Federal no Distrito Federal (MPF\/DF) ajuizou uma a\u00e7\u00e3o de improbidade administrativa na 3\u00aa Vara da Justi\u00e7a Federal no DF contra o ex-presidente da Funda\u00e7\u00e3o Nacional de Sa\u00fade (Funasa) Paulo Lustosa e outras 11 pessoas por desvio de dinheiro p\u00fablico. O MPF\/DF quer que o grupo devolva R$ 6,5 milh\u00f5es aos cofres p\u00fablicos. As irregularidades denunciadas envolvem fraude em licita\u00e7\u00e3o, superfaturamento e inexecu\u00e7\u00e3o de contrato.<\/p>\n<p>Segundo os procuradores da Rep\u00fablica Raquel Branquinho e Jos\u00e9 Alfredo Silva, ao acertarem a contrata\u00e7\u00e3o da empresa Digilab, em 2006, para implementar a TV Funasa, os dirigentes da funda\u00e7\u00e3o \u201cvaleram-se dos cargos ocupados para efetivar uma contrata\u00e7\u00e3o extremamente desfavor\u00e1vel ao interesse p\u00fablico, desnecess\u00e1ria para o \u00f3rg\u00e3o contratante, com um custo extremamente elevado e com sobrepre\u00e7o em rela\u00e7\u00e3o aos par\u00e2metros de mercado\u201d.<\/p>\n<p>O contrato da Funasa com a Digilab foi suspenso cautelarmente pelo Tribunal de Contas da Uni\u00e3o (TCU), em abril de 2007. O MPF\/DF sustenta que os problemas administrativos ocorreram desde o in\u00edcio do contrato.<\/p>\n<p>O projeto b\u00e1sico para a instala\u00e7\u00e3o da TV corporativa n\u00e3o definiu equipamentos e <em>softwares<\/em> necess\u00e1rios, quantidade e qualifica\u00e7\u00e3o dos profissionais a serem contratados. Para os procuradores, houve apenas uma simula\u00e7\u00e3o de concorr\u00eancia na contrata\u00e7\u00e3o da empresa e o superfaturamento de servi\u00e7os pode ter atingido 1.100%.<\/p>\n<p>Al\u00e9m desta, o MPF j\u00e1 prop\u00f4s outras quatro a\u00e7\u00f5es judiciais por supostas irregularidades na gest\u00e3o de Lustosa \u00e0 frente da Funasa, entre 2005 e 2007.<\/p>\n<p>Marco Antonio Soalheiro<br \/>\n<em>Rep\u00f3rter da Ag\u00eancia Brasil<\/em><\/p>\n","protected":false},"excerpt":{"rendered":"<p>O Minist\u00e9rio P\u00fablico Federal no Distrito Federal (MPF\/DF) ajuizou uma a\u00e7\u00e3o de improbidade administrativa na 3\u00aa Vara da Justi\u00e7a Federal no DF contra o ex-presidente da Funda\u00e7\u00e3o Nacional de Sa\u00fade (Funasa) Paulo Lustosa e outras 11 pessoas por desvio de dinheiro p\u00fablico. O MPF\/DF quer que o grupo devolva R$ 6,5 milh\u00f5es aos cofres p\u00fablicos. [&hellip;]<\/p>\n","protected":false},"author":3,"featured_media":0,"comment_status":"open","ping_status":"open","sticky":false,"template":"","format":"standard","meta":{"tdm_status":"","tdm_grid_status":"","footnotes":""},"categories":[22],"tags":[],"class_list":{"0":"post-2951","1":"post","2":"type-post","3":"status-publish","4":"format-standard","6":"category-brasil"},"_links":{"self":[{"href":"https:\/\/migracao.redenoticia.com.br\/noticia\/wp-json\/wp\/v2\/posts\/2951","targetHints":{"allow":["GET"]}}],"collection":[{"href":"https:\/\/migracao.redenoticia.com.br\/noticia\/wp-json\/wp\/v2\/posts"}],"about":[{"href":"https:\/\/migracao.redenoticia.com.br\/noticia\/wp-json\/wp\/v2\/types\/post"}],"author":[{"embeddable":true,"href":"https:\/\/migracao.redenoticia.com.br\/noticia\/wp-json\/wp\/v2\/users\/3"}],"replies":[{"embeddable":true,"href":"https:\/\/migracao.redenoticia.com.br\/noticia\/wp-json\/wp\/v2\/comments?post=2951"}],"version-history":[{"count":0,"href":"https:\/\/migracao.redenoticia.com.br\/noticia\/wp-json\/wp\/v2\/posts\/2951\/revisions"}],"wp:attachment":[{"href":"https:\/\/migracao.redenoticia.com.br\/noticia\/wp-json\/wp\/v2\/media?parent=2951"}],"wp:term":[{"taxonomy":"category","embeddable":true,"href":"https:\/\/migracao.redenoticia.com.br\/noticia\/wp-json\/wp\/v2\/categories?post=2951"},{"taxonomy":"post_tag","embeddable":true,"href":"https:\/\/migracao.redenoticia.com.br\/noticia\/wp-json\/wp\/v2\/tags?post=2951"}],"curies":[{"name":"wp","href":"https:\/\/api.w.org\/{rel}","templated":true}]}}