{"id":2966,"date":"2009-06-15T18:00:40","date_gmt":"2009-06-15T22:00:40","guid":{"rendered":"http:\/\/www.redenoticia.com.br\/noticia\/?p=2966"},"modified":"2009-06-15T18:09:35","modified_gmt":"2009-06-15T22:09:35","slug":"idaron-realiza-censo-da-tuberculose-bovina-em-rondonia","status":"publish","type":"post","link":"https:\/\/migracao.redenoticia.com.br\/noticia\/2009\/idaron-realiza-censo-da-tuberculose-bovina-em-rondonia\/2966","title":{"rendered":"IDARON realiza censo da tuberculose bovina em Rond\u00f4nia"},"content":{"rendered":"<p>Na manh\u00e3 desta ter\u00e7a-feira (16), a Idaron inicia os trabalhos do alergo-inqu\u00e9rito na Tuberculose em todo o estado. O objetivo do evento \u00e9 levantar a preval\u00eancia da doen\u00e7a em Rond\u00f4nia, ou seja, estimar o percentual de bovinos e propriedades afetados pelo mal.<br \/>\nA previs\u00e3o \u00e9 que os trabalhos durem pelo menos tr\u00eas meses e ser\u00e3o desenvolvidos em 927 propriedades do estado, onde ser\u00e3o recolhidas as amostras de sangue de 15 mil animais. \u201cA previs\u00e3o \u00e9 que incid\u00eancia da tuberculose seja baixa em Rond\u00f4nia, j\u00e1 que fizemos um breve acompanhamento das carca\u00e7as de bovinos abatidos no estado, onde ocorre a inspe\u00e7\u00e3o da Idaron, e nestes materiais foi detectado um n\u00famero muito baixo de vest\u00edgios da doen\u00e7a\u201d, afirma Fabiano Benitez, coordenador do Programa Estadual de Combate e Erradica\u00e7\u00e3o da Brucelose e Tuberculose da Idaron.<\/p>\n","protected":false},"excerpt":{"rendered":"<p>Na manh\u00e3 desta ter\u00e7a-feira (16), a Idaron inicia os trabalhos do alergo-inqu\u00e9rito na Tuberculose em todo o estado. O objetivo do evento \u00e9 levantar a preval\u00eancia da doen\u00e7a em Rond\u00f4nia, ou seja, estimar o percentual de bovinos e propriedades afetados pelo mal. A previs\u00e3o \u00e9 que os trabalhos durem pelo menos tr\u00eas meses e ser\u00e3o [&hellip;]<\/p>\n","protected":false},"author":2,"featured_media":0,"comment_status":"open","ping_status":"open","sticky":false,"template":"","format":"standard","meta":{"tdm_status":"","tdm_grid_status":"","footnotes":""},"categories":[7],"tags":[],"class_list":{"0":"post-2966","1":"post","2":"type-post","3":"status-publish","4":"format-standard","6":"category-economia"},"_links":{"self":[{"href":"https:\/\/migracao.redenoticia.com.br\/noticia\/wp-json\/wp\/v2\/posts\/2966","targetHints":{"allow":["GET"]}}],"collection":[{"href":"https:\/\/migracao.redenoticia.com.br\/noticia\/wp-json\/wp\/v2\/posts"}],"about":[{"href":"https:\/\/migracao.redenoticia.com.br\/noticia\/wp-json\/wp\/v2\/types\/post"}],"author":[{"embeddable":true,"href":"https:\/\/migracao.redenoticia.com.br\/noticia\/wp-json\/wp\/v2\/users\/2"}],"replies":[{"embeddable":true,"href":"https:\/\/migracao.redenoticia.com.br\/noticia\/wp-json\/wp\/v2\/comments?post=2966"}],"version-history":[{"count":0,"href":"https:\/\/migracao.redenoticia.com.br\/noticia\/wp-json\/wp\/v2\/posts\/2966\/revisions"}],"wp:attachment":[{"href":"https:\/\/migracao.redenoticia.com.br\/noticia\/wp-json\/wp\/v2\/media?parent=2966"}],"wp:term":[{"taxonomy":"category","embeddable":true,"href":"https:\/\/migracao.redenoticia.com.br\/noticia\/wp-json\/wp\/v2\/categories?post=2966"},{"taxonomy":"post_tag","embeddable":true,"href":"https:\/\/migracao.redenoticia.com.br\/noticia\/wp-json\/wp\/v2\/tags?post=2966"}],"curies":[{"name":"wp","href":"https:\/\/api.w.org\/{rel}","templated":true}]}}