{"id":29774,"date":"2010-06-25T12:26:38","date_gmt":"2010-06-25T16:26:38","guid":{"rendered":"http:\/\/www.redenoticia.com.br\/noticia\/?p=29774"},"modified":"2010-06-25T12:26:38","modified_gmt":"2010-06-25T16:26:38","slug":"copa-do-mundo-2010-%e2%80%93-selecao-brasileira-foi-vaiada-pela-torcida","status":"publish","type":"post","link":"https:\/\/migracao.redenoticia.com.br\/noticia\/2010\/copa-do-mundo-2010-%e2%80%93-selecao-brasileira-foi-vaiada-pela-torcida\/29774","title":{"rendered":"Copa do Mundo 2010 \u2013 sele\u00e7\u00e3o brasileira foi vaiada pela torcida"},"content":{"rendered":"<p><strong><em><img loading=\"lazy\" decoding=\"async\" class=\"alignleft size-full wp-image-28579\" title=\"selecao brasileira copa mundo 2010 africa sul despedida\" src=\"https:\/\/migracao.redenoticia.com.br\/noticia\/imagens\/selecao-brasileira-copa-mundo-2010-africa-sul-despedida.jpg\" alt=\"\" width=\"300\" height=\"193\" srcset=\"https:\/\/migracao.redenoticia.com.br\/noticia\/imagens\/selecao-brasileira-copa-mundo-2010-africa-sul-despedida.jpg 300w, https:\/\/migracao.redenoticia.com.br\/noticia\/imagens\/selecao-brasileira-copa-mundo-2010-africa-sul-despedida-250x160.jpg 250w, https:\/\/migracao.redenoticia.com.br\/noticia\/imagens\/selecao-brasileira-copa-mundo-2010-africa-sul-despedida-150x96.jpg 150w\" sizes=\"auto, (max-width: 300px) 100vw, 300px\" \/>Copa do Mundo 2010<\/em><\/strong> na \u00c1frica do Sul \u2013 a <strong><em>sele\u00e7\u00e3o brasileira<\/em><\/strong> recebeu vaias da torcida no final do jogo contra <strong><em>Portugal<\/em><\/strong>, nesta sexta-feira 25\/06. O placar ficou em 0 x 0. No primeiro tempo as duas sele\u00e7\u00f5es cometeram faltas perigosas e desnecess\u00e1rias. O time escalado pelo Dunga para o Brasil, principalmente no segundo tempo, errou muitos passes e n\u00e3o foi eficiente nas jogadas com os atacantes.<\/p>\n<p>O t\u00e9cnico brasileiro colocou o jogador Ramires em campo apenas nos \u00faltimos quinze minutos do segundo tempo e, mesmo com pouco tempo em campo, foi ele que chutou a bola com maior perigo para Portugal.<\/p>\n<p>As duas torcidas ficaram decepcionadas com a atua\u00e7\u00e3o das sele\u00e7\u00f5es, que abalou tamb\u00e9m a confian\u00e7a em vit\u00f3ria nos jogos decisivos. Ap\u00f3s a atua\u00e7\u00e3o da sele\u00e7\u00e3o brasileira, comentaristas que acompanharam os jogos ao vivo disseram que, sem Kak\u00e1 e Robinho, a equipe perdeu a criatividade e velocidade.<\/p>\n<p>Em entrevista ap\u00f3s o final do jogo, L\u00facio justificou o empate e a atua\u00e7\u00e3o da sele\u00e7\u00e3o brasileira porque Portugal jogou fechado. Julio C\u00e9sar mais uma vez confirmou que a prote\u00e7\u00e3o para as costas serve apenas para lhe dar seguran\u00e7a, uma vez que est\u00e1 totalmente recuperado da contus\u00e3o.<\/p>\n<p>Copa do Mundo 2010 \u2013 sele\u00e7\u00e3o brasileira \u00e9 vaiada<\/p>\n<p>Deixe seu coment\u00e1rio.<\/p>\n","protected":false},"excerpt":{"rendered":"<p>Copa do Mundo 2010 na \u00c1frica do Sul \u2013 a sele\u00e7\u00e3o brasileira recebeu vaias da torcida no final do jogo contra Portugal, nesta sexta-feira 25\/06. O placar ficou em 0 x 0. No primeiro tempo as duas sele\u00e7\u00f5es cometeram faltas perigosas e desnecess\u00e1rias. O time escalado pelo Dunga para o Brasil, principalmente no segundo tempo, [&hellip;]<\/p>\n","protected":false},"author":3,"featured_media":28579,"comment_status":"open","ping_status":"open","sticky":false,"template":"","format":"standard","meta":{"tdm_status":"","tdm_grid_status":"","footnotes":""},"categories":[22,375,343],"tags":[],"class_list":{"0":"post-29774","1":"post","2":"type-post","3":"status-publish","4":"format-standard","5":"has-post-thumbnail","7":"category-brasil","8":"category-rede-globo","9":"category-televisao"},"_links":{"self":[{"href":"https:\/\/migracao.redenoticia.com.br\/noticia\/wp-json\/wp\/v2\/posts\/29774","targetHints":{"allow":["GET"]}}],"collection":[{"href":"https:\/\/migracao.redenoticia.com.br\/noticia\/wp-json\/wp\/v2\/posts"}],"about":[{"href":"https:\/\/migracao.redenoticia.com.br\/noticia\/wp-json\/wp\/v2\/types\/post"}],"author":[{"embeddable":true,"href":"https:\/\/migracao.redenoticia.com.br\/noticia\/wp-json\/wp\/v2\/users\/3"}],"replies":[{"embeddable":true,"href":"https:\/\/migracao.redenoticia.com.br\/noticia\/wp-json\/wp\/v2\/comments?post=29774"}],"version-history":[{"count":0,"href":"https:\/\/migracao.redenoticia.com.br\/noticia\/wp-json\/wp\/v2\/posts\/29774\/revisions"}],"wp:featuredmedia":[{"embeddable":true,"href":"https:\/\/migracao.redenoticia.com.br\/noticia\/wp-json\/wp\/v2\/media\/28579"}],"wp:attachment":[{"href":"https:\/\/migracao.redenoticia.com.br\/noticia\/wp-json\/wp\/v2\/media?parent=29774"}],"wp:term":[{"taxonomy":"category","embeddable":true,"href":"https:\/\/migracao.redenoticia.com.br\/noticia\/wp-json\/wp\/v2\/categories?post=29774"},{"taxonomy":"post_tag","embeddable":true,"href":"https:\/\/migracao.redenoticia.com.br\/noticia\/wp-json\/wp\/v2\/tags?post=29774"}],"curies":[{"name":"wp","href":"https:\/\/api.w.org\/{rel}","templated":true}]}}