{"id":29789,"date":"2010-06-25T16:46:17","date_gmt":"2010-06-25T20:46:17","guid":{"rendered":"http:\/\/www.redenoticia.com.br\/noticia\/?p=29789"},"modified":"2010-06-28T17:20:11","modified_gmt":"2010-06-28T21:20:11","slug":"selecao-unificada-sisu-%e2%80%93-previsao-da-segunda-chamada","status":"publish","type":"post","link":"https:\/\/migracao.redenoticia.com.br\/noticia\/2010\/selecao-unificada-sisu-%e2%80%93-previsao-da-segunda-chamada\/29789","title":{"rendered":"Sele\u00e7\u00e3o unificada Sisu \u2013 previs\u00e3o da segunda chamada"},"content":{"rendered":"<p><strong><em><img loading=\"lazy\" decoding=\"async\" class=\"alignleft size-full wp-image-22752\" title=\"sisu enem mec\" src=\"https:\/\/migracao.redenoticia.com.br\/noticia\/imagens\/sisu-enem-mec.jpg\" alt=\"\" width=\"300\" height=\"193\" srcset=\"https:\/\/migracao.redenoticia.com.br\/noticia\/imagens\/sisu-enem-mec.jpg 300w, https:\/\/migracao.redenoticia.com.br\/noticia\/imagens\/sisu-enem-mec-250x161.jpg 250w, https:\/\/migracao.redenoticia.com.br\/noticia\/imagens\/sisu-enem-mec-150x97.jpg 150w\" sizes=\"auto, (max-width: 300px) 100vw, 300px\" \/>Sisu MEC<\/em><\/strong> &#8211; a rela\u00e7\u00e3o dos aprovados na <strong><em>segunda chamada<\/em><\/strong> do Sistema de Sele\u00e7\u00e3o Unificada (Sisu) ser\u00e1 divulgada na segunda-feira, 28. \u00a0O\u00a0<a href=\"http:\/\/sisu.mec.gov.br\/\" target=\"_blank\">Sisu<\/a>\u00a0\u00e9 o sistema informatizado do Minist\u00e9rio da Educa\u00e7\u00e3o para sele\u00e7\u00e3o de estudantes por institui\u00e7\u00f5es p\u00fablicas de educa\u00e7\u00e3o superior. Essa sele\u00e7\u00e3o tem como base a nota obtida pelo candidato no Exame Nacional de Ensino M\u00e9dio (Enem) de 2009.\u00a0Na sexta-feira, 25, encerrou o prazo para que as institui\u00e7\u00f5es de ensino participantes lancem no sistema as matr\u00edculas dos candidatos aprovados na primeira chamada.<\/p>\n<p>Os candidatos Sisu MEC selecionados nesta segunda etapa ter\u00e3o os dias 1\u00ba e 2 de julho para comparecer \u00e0 institui\u00e7\u00e3o de ensino para a qual foram selecionados e confirmar o interesse na vaga ao fazer a matr\u00edcula. A rela\u00e7\u00e3o dos documentos necess\u00e1rios pode ser consultada no boletim individual, a partir de segunda-feira, ou nas institui\u00e7\u00f5es de ensino.<\/p>\n<p>Encerrado o prazo de matr\u00edculas Sisu MEC, caso ainda haja vagas, ser\u00e1 feita uma terceira chamada, em 8 de julho.<\/p>\n<p>Participam do processo de sele\u00e7\u00e3o Sisu MEC\u00a0para as vagas oferecidas no segundo semestre 15 universidades federais, duas estaduais, 17 institutos federais de educa\u00e7\u00e3o, ci\u00eancia e tecnologia e um centro federal de educa\u00e7\u00e3o tecnol\u00f3gica (Cefet).<\/p>\n<p>Assessoria de Imprensa da Sesu<\/p>\n","protected":false},"excerpt":{"rendered":"<p>Sisu MEC &#8211; a rela\u00e7\u00e3o dos aprovados na segunda chamada do Sistema de Sele\u00e7\u00e3o Unificada (Sisu) ser\u00e1 divulgada na segunda-feira, 28. \u00a0O\u00a0Sisu\u00a0\u00e9 o sistema informatizado do Minist\u00e9rio da Educa\u00e7\u00e3o para sele\u00e7\u00e3o de estudantes por institui\u00e7\u00f5es p\u00fablicas de educa\u00e7\u00e3o superior. Essa sele\u00e7\u00e3o tem como base a nota obtida pelo candidato no Exame Nacional de Ensino M\u00e9dio [&hellip;]<\/p>\n","protected":false},"author":3,"featured_media":22752,"comment_status":"open","ping_status":"open","sticky":false,"template":"","format":"standard","meta":{"tdm_status":"","tdm_grid_status":"","footnotes":""},"categories":[22,370,295],"tags":[],"class_list":{"0":"post-29789","1":"post","2":"type-post","3":"status-publish","4":"format-standard","5":"has-post-thumbnail","7":"category-brasil","8":"category-inscricao","9":"category-vestibular"},"_links":{"self":[{"href":"https:\/\/migracao.redenoticia.com.br\/noticia\/wp-json\/wp\/v2\/posts\/29789","targetHints":{"allow":["GET"]}}],"collection":[{"href":"https:\/\/migracao.redenoticia.com.br\/noticia\/wp-json\/wp\/v2\/posts"}],"about":[{"href":"https:\/\/migracao.redenoticia.com.br\/noticia\/wp-json\/wp\/v2\/types\/post"}],"author":[{"embeddable":true,"href":"https:\/\/migracao.redenoticia.com.br\/noticia\/wp-json\/wp\/v2\/users\/3"}],"replies":[{"embeddable":true,"href":"https:\/\/migracao.redenoticia.com.br\/noticia\/wp-json\/wp\/v2\/comments?post=29789"}],"version-history":[{"count":0,"href":"https:\/\/migracao.redenoticia.com.br\/noticia\/wp-json\/wp\/v2\/posts\/29789\/revisions"}],"wp:featuredmedia":[{"embeddable":true,"href":"https:\/\/migracao.redenoticia.com.br\/noticia\/wp-json\/wp\/v2\/media\/22752"}],"wp:attachment":[{"href":"https:\/\/migracao.redenoticia.com.br\/noticia\/wp-json\/wp\/v2\/media?parent=29789"}],"wp:term":[{"taxonomy":"category","embeddable":true,"href":"https:\/\/migracao.redenoticia.com.br\/noticia\/wp-json\/wp\/v2\/categories?post=29789"},{"taxonomy":"post_tag","embeddable":true,"href":"https:\/\/migracao.redenoticia.com.br\/noticia\/wp-json\/wp\/v2\/tags?post=29789"}],"curies":[{"name":"wp","href":"https:\/\/api.w.org\/{rel}","templated":true}]}}