{"id":2985,"date":"2009-06-15T21:59:56","date_gmt":"2009-06-16T01:59:56","guid":{"rendered":"http:\/\/www.redenoticia.com.br\/noticia\/?p=2985"},"modified":"2009-06-15T22:04:00","modified_gmt":"2009-06-16T02:04:00","slug":"regiao-norte-de-mato-grosso-do-sul-e-atingida-por-tremor-de-terra","status":"publish","type":"post","link":"https:\/\/migracao.redenoticia.com.br\/noticia\/2009\/regiao-norte-de-mato-grosso-do-sul-e-atingida-por-tremor-de-terra\/2985","title":{"rendered":"Regi\u00e3o norte de Mato Grosso do Sul \u00e9 atingida por tremor de terra"},"content":{"rendered":"<p>Um tremor de terra ocorreu\u00a0no in\u00edcio da noite de hoje (15) na regi\u00e3o norte do estado de Mato Grosso do Sul. As cidades de Coxim, Rio Verde de Mato Grosso, S\u00e3o Gabriel do Oeste e Sonora foram as mais afetadas.<\/p>\n<p>Segundo a Defesa Civil de Coxim, muitas pessoas da regi\u00e3o ligaram assustadas para o Corpo de Bombeiros em busca de informa\u00e7\u00f5es. Apesar do susto, nenhum problema grave, al\u00e9m de rachaduras em algumas casas, foi registrado pelas equipes da Defesa Civil. Amanh\u00e3 (16) a Defesa Civil e o Corpo de Bombeiro far\u00e3o uma avalia\u00e7\u00e3o mais detalhada dos danos.<\/p>\n<p>De acordo com Centro Sismol\u00f3gico da Universidade de Bras\u00edlia (UnB), o tremor atingiu 4.8 graus de magnitude na escala Richter. O tremor foi um dos 20 maiores j\u00e1 registrados no pa\u00eds. O epicentro do abalo foi localizado numa \u00e1rea pouco habitada do Pantanal, a 190 quil\u00f4metros de Corumb\u00e1.<\/p>\n<p>Da Ag\u00eancia Brasil*<\/p>\n","protected":false},"excerpt":{"rendered":"<p>Um tremor de terra ocorreu\u00a0no in\u00edcio da noite de hoje (15) na regi\u00e3o norte do estado de Mato Grosso do Sul. As cidades de Coxim, Rio Verde de Mato Grosso, S\u00e3o Gabriel do Oeste e Sonora foram as mais afetadas. Segundo a Defesa Civil de Coxim, muitas pessoas da regi\u00e3o ligaram assustadas para o Corpo [&hellip;]<\/p>\n","protected":false},"author":3,"featured_media":0,"comment_status":"open","ping_status":"open","sticky":false,"template":"","format":"standard","meta":{"tdm_status":"","tdm_grid_status":"","footnotes":""},"categories":[22],"tags":[],"class_list":{"0":"post-2985","1":"post","2":"type-post","3":"status-publish","4":"format-standard","6":"category-brasil"},"_links":{"self":[{"href":"https:\/\/migracao.redenoticia.com.br\/noticia\/wp-json\/wp\/v2\/posts\/2985","targetHints":{"allow":["GET"]}}],"collection":[{"href":"https:\/\/migracao.redenoticia.com.br\/noticia\/wp-json\/wp\/v2\/posts"}],"about":[{"href":"https:\/\/migracao.redenoticia.com.br\/noticia\/wp-json\/wp\/v2\/types\/post"}],"author":[{"embeddable":true,"href":"https:\/\/migracao.redenoticia.com.br\/noticia\/wp-json\/wp\/v2\/users\/3"}],"replies":[{"embeddable":true,"href":"https:\/\/migracao.redenoticia.com.br\/noticia\/wp-json\/wp\/v2\/comments?post=2985"}],"version-history":[{"count":0,"href":"https:\/\/migracao.redenoticia.com.br\/noticia\/wp-json\/wp\/v2\/posts\/2985\/revisions"}],"wp:attachment":[{"href":"https:\/\/migracao.redenoticia.com.br\/noticia\/wp-json\/wp\/v2\/media?parent=2985"}],"wp:term":[{"taxonomy":"category","embeddable":true,"href":"https:\/\/migracao.redenoticia.com.br\/noticia\/wp-json\/wp\/v2\/categories?post=2985"},{"taxonomy":"post_tag","embeddable":true,"href":"https:\/\/migracao.redenoticia.com.br\/noticia\/wp-json\/wp\/v2\/tags?post=2985"}],"curies":[{"name":"wp","href":"https:\/\/api.w.org\/{rel}","templated":true}]}}