{"id":29850,"date":"2010-06-28T12:21:11","date_gmt":"2010-06-28T16:21:11","guid":{"rendered":"http:\/\/www.redenoticia.com.br\/noticia\/?p=29850"},"modified":"2010-06-28T12:21:11","modified_gmt":"2010-06-28T16:21:11","slug":"bianco-reafirma-apoio-aos-projetos-do-hospital-do-cancer-em-ji-parana","status":"publish","type":"post","link":"https:\/\/migracao.redenoticia.com.br\/noticia\/2010\/bianco-reafirma-apoio-aos-projetos-do-hospital-do-cancer-em-ji-parana\/29850","title":{"rendered":"Bianco reafirma apoio aos projetos do Hospital do C\u00e2ncer em Ji-Paran\u00e1"},"content":{"rendered":"<p><img loading=\"lazy\" decoding=\"async\" class=\"alignleft size-full wp-image-29851\" title=\"Bianco com o diretor Hospital Barretos\" src=\"https:\/\/migracao.redenoticia.com.br\/noticia\/imagens\/Bianco-com-o-diretor-Hospital-Barretos.png\" alt=\"\" width=\"300\" height=\"226\" srcset=\"https:\/\/migracao.redenoticia.com.br\/noticia\/imagens\/Bianco-com-o-diretor-Hospital-Barretos.png 300w, https:\/\/migracao.redenoticia.com.br\/noticia\/imagens\/Bianco-com-o-diretor-Hospital-Barretos-248x187.png 248w, https:\/\/migracao.redenoticia.com.br\/noticia\/imagens\/Bianco-com-o-diretor-Hospital-Barretos-150x113.png 150w, https:\/\/migracao.redenoticia.com.br\/noticia\/imagens\/Bianco-com-o-diretor-Hospital-Barretos-148x112.png 148w\" sizes=\"auto, (max-width: 300px) 100vw, 300px\" \/>Em almo\u00e7o oferecido pelo Grupo de Apoio aos Portadores de C\u00e2ncer de Ji-Paran\u00e1 (GAPC), ontem, 27 de junho, ao Presidente do Hospital do C\u00e2ncer de Barretos (HCB-SP), Henrique Prata, e ao diretor do departamento de capta\u00e7\u00e3o de recursos, Luiz Ant\u00f4nio Zardini, o Prefeito de Ji-Paran\u00e1, Jos\u00e9 de Abreu Bianco (DEM), reafirmou completo apoio da municipalidade em rela\u00e7\u00e3o ao trabalho realizado pelo GAPC junto \u00e0 popula\u00e7\u00e3o de Ji-Paran\u00e1, al\u00e9m de parceria na implanta\u00e7\u00e3o dos projetos do HC, anunciados por seu Presidente, no munic\u00edpio. Segundo Henrique Prata, Rond\u00f4nia \u00e9 um estado muito querido e que merece aten\u00e7\u00e3o especial, principalmente pela sua localiza\u00e7\u00e3o. A dist\u00e2ncia em rela\u00e7\u00e3o a Barretos dificulta o tratamento dos pacientes, tornando a situa\u00e7\u00e3o mais dolorosa do j\u00e1 \u00e9.  \u201cTemos a inten\u00e7\u00e3o de montar uma filial do HC em Rond\u00f4nia para atender toda a Regi\u00e3o Norte. N\u00e3o podemos afirmar que ser\u00e1 em Ji-Paran\u00e1, realizaremos um estudo log\u00edstico para determinar qual a cidade mais prop\u00edcia para tanto. Por\u00e9m, a partir de janeiro j\u00e1 estaremos implantando um projeto que era a \u2018Menina dos Olhos\u2019 do meu pai, e agora \u00e9 a minha. Estamos investindo maci\u00e7amente no trabalho de preven\u00e7\u00e3o onde disponibilizaremos a presen\u00e7a de carretas equipadas com o que h\u00e1 de mais moderno na \u00e1rea de exames que ficar\u00e3o por maiores per\u00edodos para cada cidade visitada, onde ser\u00e1 realizada uma verdadeira varredura no diagn\u00f3stico precoce de c\u00e2ncer de mama, pr\u00f3stata, colo de \u00fatero e pele, aumentando assim as chances de cura desses pacientes\u201d, explicou. O Prefeito Bianco aproveitou a ocasi\u00e3o para agradecer o trabalho que o HC tem realizado junto aos pacientes de Ji-Paran\u00e1,  que oferece gratuitamente o que h\u00e1  de mais moderno na medicina oncol\u00f3gica mundial, al\u00e9m de todo o apoio quanto  \u00e0s acomoda\u00e7\u00f5es dos acompanhantes. \u201cTenho escutado muitos relatos de pessoas que s\u00e3o tratadas em Barretos que realmente t\u00eam me deixado bastante sensibilizado, todos os coment\u00e1rios s\u00e3o de forma elogiosa e positiva. Se houver a inten\u00e7\u00e3o da instala\u00e7\u00e3o de uma unidade do HC em Ji-Paran\u00e1, estaremos dando todo o apoio necess\u00e1rio para facilitar este processo. Como tamb\u00e9m estaremos disponibilizando o que for necess\u00e1rio para que o projeto de preven\u00e7\u00e3o com as carretas itinerantes seja realizado da melhor forma poss\u00edvel\u201d, comentou o Prefeito. A vinda do Presidente e de seu diretor de capta\u00e7\u00e3o de recursos a Ji-Paran\u00e1 foi articulada pelo GAPC, com objetivo de estreitar la\u00e7os entre o HC e os integrantes do GAPC, como tamb\u00e9m de todos aqueles que s\u00e3o ass\u00edduos colaboradores, seja com trabalho volunt\u00e1rio ou com doa\u00e7\u00f5es.  \u201cEstamos muito felizes com o resultado deste encontro. A presen\u00e7a do Henrique Prata e do Zardini foram essenciais para que todos os envolvidos com as a\u00e7\u00f5es do GAPC conhe\u00e7am cada vez mais esse important\u00edssimo trabalho realizado pelo HC\u201d, comentou Silvia Cristina Am\u00e2ncio Chagas, coordenadora do HC em Ji-Paran\u00e1 e integrante do GAPC. Em 2009, Rond\u00f4nia foi respons\u00e1vel pelo envio de 1.236 pacientes para tratamento de c\u00e2ncer em Barretos, sendo que destes, 155 foram de Ji-Paran\u00e1. Todos os munic\u00edpios rondonienses enviaram pacientes para tratamento no HC<\/p>\n","protected":false},"excerpt":{"rendered":"<p>Em almo\u00e7o oferecido pelo Grupo de Apoio aos Portadores de C\u00e2ncer de Ji-Paran\u00e1 (GAPC), ontem, 27 de junho, ao Presidente do Hospital do C\u00e2ncer de Barretos (HCB-SP), Henrique Prata, e ao diretor do departamento de capta\u00e7\u00e3o de recursos, Luiz Ant\u00f4nio Zardini, o Prefeito de Ji-Paran\u00e1, Jos\u00e9 de Abreu Bianco (DEM), reafirmou completo apoio da municipalidade [&hellip;]<\/p>\n","protected":false},"author":2,"featured_media":29851,"comment_status":"open","ping_status":"open","sticky":false,"template":"","format":"standard","meta":{"tdm_status":"","tdm_grid_status":"","footnotes":""},"categories":[388],"tags":[],"class_list":{"0":"post-29850","1":"post","2":"type-post","3":"status-publish","4":"format-standard","5":"has-post-thumbnail","7":"category-destaques"},"_links":{"self":[{"href":"https:\/\/migracao.redenoticia.com.br\/noticia\/wp-json\/wp\/v2\/posts\/29850","targetHints":{"allow":["GET"]}}],"collection":[{"href":"https:\/\/migracao.redenoticia.com.br\/noticia\/wp-json\/wp\/v2\/posts"}],"about":[{"href":"https:\/\/migracao.redenoticia.com.br\/noticia\/wp-json\/wp\/v2\/types\/post"}],"author":[{"embeddable":true,"href":"https:\/\/migracao.redenoticia.com.br\/noticia\/wp-json\/wp\/v2\/users\/2"}],"replies":[{"embeddable":true,"href":"https:\/\/migracao.redenoticia.com.br\/noticia\/wp-json\/wp\/v2\/comments?post=29850"}],"version-history":[{"count":0,"href":"https:\/\/migracao.redenoticia.com.br\/noticia\/wp-json\/wp\/v2\/posts\/29850\/revisions"}],"wp:featuredmedia":[{"embeddable":true,"href":"https:\/\/migracao.redenoticia.com.br\/noticia\/wp-json\/wp\/v2\/media\/29851"}],"wp:attachment":[{"href":"https:\/\/migracao.redenoticia.com.br\/noticia\/wp-json\/wp\/v2\/media?parent=29850"}],"wp:term":[{"taxonomy":"category","embeddable":true,"href":"https:\/\/migracao.redenoticia.com.br\/noticia\/wp-json\/wp\/v2\/categories?post=29850"},{"taxonomy":"post_tag","embeddable":true,"href":"https:\/\/migracao.redenoticia.com.br\/noticia\/wp-json\/wp\/v2\/tags?post=29850"}],"curies":[{"name":"wp","href":"https:\/\/api.w.org\/{rel}","templated":true}]}}