{"id":29859,"date":"2010-06-28T17:23:23","date_gmt":"2010-06-28T21:23:23","guid":{"rendered":"http:\/\/www.redenoticia.com.br\/noticia\/?p=29859"},"modified":"2010-06-29T18:42:54","modified_gmt":"2010-06-29T22:42:54","slug":"pagamento-beneficios-inss-paga-aposentadoria-final-4-em-2906","status":"publish","type":"post","link":"https:\/\/migracao.redenoticia.com.br\/noticia\/2010\/pagamento-beneficios-inss-paga-aposentadoria-final-4-em-2906\/29859","title":{"rendered":"Pagamento beneficios: INSS paga aposentadoria final 4 em 29\/06"},"content":{"rendered":"<p><strong><em><img loading=\"lazy\" decoding=\"async\" class=\"alignleft size-full wp-image-24050\" title=\"inss pagamento aposentadoria beneficio aposentados\" src=\"https:\/\/migracao.redenoticia.com.br\/noticia\/imagens\/inss-pagamento-aposentadoria-beneficio-aposentados.jpg\" alt=\"\" width=\"300\" height=\"193\" srcset=\"https:\/\/migracao.redenoticia.com.br\/noticia\/imagens\/inss-pagamento-aposentadoria-beneficio-aposentados.jpg 300w, https:\/\/migracao.redenoticia.com.br\/noticia\/imagens\/inss-pagamento-aposentadoria-beneficio-aposentados-250x161.jpg 250w, https:\/\/migracao.redenoticia.com.br\/noticia\/imagens\/inss-pagamento-aposentadoria-beneficio-aposentados-150x97.jpg 150w\" sizes=\"auto, (max-width: 300px) 100vw, 300px\" \/>Pagamento benef\u00edcios<\/em><\/strong> do <strong><em>INSS<\/em><\/strong> &#8211; O Instituto Nacional do Seguro Social (INSS) deposita nesta ter\u00e7a-feira (29) o pagamento da folha de junho para quem ganha at\u00e9 um sal\u00e1rio m\u00ednimo e tem cart\u00e3o com final 4, desconsiderando-se o d\u00edgito.\u00a0A <strong><em>folha de junho<\/em><\/strong> ir\u00e1 pagar a mais de 27 milh\u00f5es de benef\u00edci\u00e1rios em todo o Brasil at\u00e9 o dia 7 de julho. O pagamento dos segurados que ganham acima do piso previdenci\u00e1rio ter\u00e1 in\u00edcio no dia 1\u00ba de julho, quando ocorrer\u00e1 o dep\u00f3sito para os que t\u00eam cart\u00e3o de benef\u00edcio com finais 1 e 6, tamb\u00e9m se desconsiderando o d\u00edgito.\u00a0<\/p>\n<p>Os segurados que tiverem d\u00favidas sobre o calend\u00e1rio de pagamento podem ligar para os operadores da Central 135. Outra alternativa \u00e9 acessar o site da Previd\u00eancia Social (www.previdencia.gov.br) e clicar no link &#8220;Extrato de Pagamento de Benef\u00edcio&#8221;, que fica na se\u00e7\u00e3o \u201cAg\u00eancia Eletr\u00f4nica: Segurado\u201d.<\/p>\n<p>O segurado pode imprimir esse documento, que fica dispon\u00edvel a partir do in\u00edcio dos pagamentos do m\u00eas.<\/p>\n<p>Pagamento benef\u00edcios INSS &#8211; ACS\/MPS<\/p>\n","protected":false},"excerpt":{"rendered":"<p>Pagamento benef\u00edcios do INSS &#8211; O Instituto Nacional do Seguro Social (INSS) deposita nesta ter\u00e7a-feira (29) o pagamento da folha de junho para quem ganha at\u00e9 um sal\u00e1rio m\u00ednimo e tem cart\u00e3o com final 4, desconsiderando-se o d\u00edgito.\u00a0A folha de junho ir\u00e1 pagar a mais de 27 milh\u00f5es de benef\u00edci\u00e1rios em todo o Brasil at\u00e9 [&hellip;]<\/p>\n","protected":false},"author":3,"featured_media":24050,"comment_status":"open","ping_status":"open","sticky":false,"template":"","format":"standard","meta":{"tdm_status":"","tdm_grid_status":"","footnotes":""},"categories":[22,7],"tags":[],"class_list":{"0":"post-29859","1":"post","2":"type-post","3":"status-publish","4":"format-standard","5":"has-post-thumbnail","7":"category-brasil","8":"category-economia"},"_links":{"self":[{"href":"https:\/\/migracao.redenoticia.com.br\/noticia\/wp-json\/wp\/v2\/posts\/29859","targetHints":{"allow":["GET"]}}],"collection":[{"href":"https:\/\/migracao.redenoticia.com.br\/noticia\/wp-json\/wp\/v2\/posts"}],"about":[{"href":"https:\/\/migracao.redenoticia.com.br\/noticia\/wp-json\/wp\/v2\/types\/post"}],"author":[{"embeddable":true,"href":"https:\/\/migracao.redenoticia.com.br\/noticia\/wp-json\/wp\/v2\/users\/3"}],"replies":[{"embeddable":true,"href":"https:\/\/migracao.redenoticia.com.br\/noticia\/wp-json\/wp\/v2\/comments?post=29859"}],"version-history":[{"count":0,"href":"https:\/\/migracao.redenoticia.com.br\/noticia\/wp-json\/wp\/v2\/posts\/29859\/revisions"}],"wp:featuredmedia":[{"embeddable":true,"href":"https:\/\/migracao.redenoticia.com.br\/noticia\/wp-json\/wp\/v2\/media\/24050"}],"wp:attachment":[{"href":"https:\/\/migracao.redenoticia.com.br\/noticia\/wp-json\/wp\/v2\/media?parent=29859"}],"wp:term":[{"taxonomy":"category","embeddable":true,"href":"https:\/\/migracao.redenoticia.com.br\/noticia\/wp-json\/wp\/v2\/categories?post=29859"},{"taxonomy":"post_tag","embeddable":true,"href":"https:\/\/migracao.redenoticia.com.br\/noticia\/wp-json\/wp\/v2\/tags?post=29859"}],"curies":[{"name":"wp","href":"https:\/\/api.w.org\/{rel}","templated":true}]}}