{"id":29874,"date":"2010-06-28T19:39:10","date_gmt":"2010-06-28T23:39:10","guid":{"rendered":"http:\/\/www.redenoticia.com.br\/noticia\/?p=29874"},"modified":"2010-06-28T19:39:10","modified_gmt":"2010-06-28T23:39:10","slug":"concurso-sao-goncalo-do-amarante-acaplam-211-vagas","status":"publish","type":"post","link":"https:\/\/migracao.redenoticia.com.br\/noticia\/2010\/concurso-sao-goncalo-do-amarante-acaplam-211-vagas\/29874","title":{"rendered":"Concurso S\u00e3o Gon\u00e7alo do Amarante Acaplam &#8211; 211 vagas"},"content":{"rendered":"<p><strong><em><img loading=\"lazy\" decoding=\"async\" class=\"alignleft size-full wp-image-28957\" title=\"concurso vagas edital\" src=\"https:\/\/migracao.redenoticia.com.br\/noticia\/imagens\/concurso-vagas-edital.jpg\" alt=\"\" width=\"300\" height=\"193\" srcset=\"https:\/\/migracao.redenoticia.com.br\/noticia\/imagens\/concurso-vagas-edital.jpg 300w, https:\/\/migracao.redenoticia.com.br\/noticia\/imagens\/concurso-vagas-edital-250x160.jpg 250w, https:\/\/migracao.redenoticia.com.br\/noticia\/imagens\/concurso-vagas-edital-150x96.jpg 150w\" sizes=\"auto, (max-width: 300px) 100vw, 300px\" \/>Concurso S\u00e3o Gon\u00e7alo do Amarante<\/em><\/strong> pela <strong><em>Acaplam<\/em><\/strong> &#8211; a Prefeitura Municipal de S\u00e3o Gon\u00e7alo do Amarante no Estado do Rio Grande do Norte, atrav\u00e9s da ACAPLAM, abriu Processo Seletivo para provimento de vagas de diversos cargos p\u00fablicos. A inscri\u00e7\u00e3o ser\u00e1 realizada via internet atrav\u00e9s do endere\u00e7o eletr\u00f4nico <a href=\"http:\/\/www.acaplam.com.br\/\" target=\"_blank\"><strong><em>www.acaplam.com.br<\/em><\/strong><\/a>, no per\u00edodo de <strong><span style=\"font-weight: normal;\">28 de junho<\/span><\/strong> a 1 de agosto de 2010, ou presencial no Teatro Municipal de S\u00e3o Gon\u00e7alo do Amarante, sito a Av.Alexandre Cavalcanti, s\/n\u00ba, Centro; e na Central do Trabalhador (Antigo CSU), sito a Avenida Maranh\u00e3o, s\/n\u00ba, Conjunto Amarante, S\u00e3o Gon\u00e7alo do Amarante-RN, no per\u00edodo de 28 de junho a 30 de julho de 2010, no hor\u00e1rio das 8h00 \u00e0s 12h00 e das 14h00 \u00e0s 17h00.<\/p>\n<p>S\u00e3o 211 vagas, sendo 43 reservadas para pessoas com defici\u00eancia, e a remunera\u00e7\u00e3o de at\u00e9 R$ 6.000,00. As provas Concurso S\u00e3o Gon\u00e7alo do Amarante Acaplam ser\u00e3o realizadas na cidade de S\u00e3o Gon\u00e7alo do Amarante na data prevista de 29 de agosto de 2010, em hor\u00e1rio e local que ser\u00e1 divulgado pela Comiss\u00e3o Geral do Processo Seletivo atrav\u00e9s do Cart\u00e3o de Inscri\u00e7\u00e3o de cada candidato, e de Edital publicado nos Quadros de Avisos da Prefeitura Municipal de S\u00e3o Gon\u00e7alo do Amarante e C\u00e2mara Municipal de Vereadores.<\/p>\n<p>O prazo de validade do Concurso S\u00e3o Gon\u00e7alo do Amarante Acaplam ser\u00e1 de 2 anos, contados a partir da data da homologa\u00e7\u00e3o do resultado final, podendo a crit\u00e9rio da Prefeitura Municipal, ser prorrogado uma vez por igual per\u00edodo.<\/p>\n<p>Concurso S\u00e3o Gon\u00e7alo do Amarante Acaplam<\/p>\n","protected":false},"excerpt":{"rendered":"<p>Concurso S\u00e3o Gon\u00e7alo do Amarante pela Acaplam &#8211; a Prefeitura Municipal de S\u00e3o Gon\u00e7alo do Amarante no Estado do Rio Grande do Norte, atrav\u00e9s da ACAPLAM, abriu Processo Seletivo para provimento de vagas de diversos cargos p\u00fablicos. A inscri\u00e7\u00e3o ser\u00e1 realizada via internet atrav\u00e9s do endere\u00e7o eletr\u00f4nico www.acaplam.com.br, no per\u00edodo de 28 de junho a [&hellip;]<\/p>\n","protected":false},"author":3,"featured_media":28957,"comment_status":"open","ping_status":"open","sticky":false,"template":"","format":"standard","meta":{"tdm_status":"","tdm_grid_status":"","footnotes":""},"categories":[22,352,370],"tags":[],"class_list":{"0":"post-29874","1":"post","2":"type-post","3":"status-publish","4":"format-standard","5":"has-post-thumbnail","7":"category-brasil","8":"category-concursos","9":"category-inscricao"},"_links":{"self":[{"href":"https:\/\/migracao.redenoticia.com.br\/noticia\/wp-json\/wp\/v2\/posts\/29874","targetHints":{"allow":["GET"]}}],"collection":[{"href":"https:\/\/migracao.redenoticia.com.br\/noticia\/wp-json\/wp\/v2\/posts"}],"about":[{"href":"https:\/\/migracao.redenoticia.com.br\/noticia\/wp-json\/wp\/v2\/types\/post"}],"author":[{"embeddable":true,"href":"https:\/\/migracao.redenoticia.com.br\/noticia\/wp-json\/wp\/v2\/users\/3"}],"replies":[{"embeddable":true,"href":"https:\/\/migracao.redenoticia.com.br\/noticia\/wp-json\/wp\/v2\/comments?post=29874"}],"version-history":[{"count":0,"href":"https:\/\/migracao.redenoticia.com.br\/noticia\/wp-json\/wp\/v2\/posts\/29874\/revisions"}],"wp:featuredmedia":[{"embeddable":true,"href":"https:\/\/migracao.redenoticia.com.br\/noticia\/wp-json\/wp\/v2\/media\/28957"}],"wp:attachment":[{"href":"https:\/\/migracao.redenoticia.com.br\/noticia\/wp-json\/wp\/v2\/media?parent=29874"}],"wp:term":[{"taxonomy":"category","embeddable":true,"href":"https:\/\/migracao.redenoticia.com.br\/noticia\/wp-json\/wp\/v2\/categories?post=29874"},{"taxonomy":"post_tag","embeddable":true,"href":"https:\/\/migracao.redenoticia.com.br\/noticia\/wp-json\/wp\/v2\/tags?post=29874"}],"curies":[{"name":"wp","href":"https:\/\/api.w.org\/{rel}","templated":true}]}}