{"id":2994,"date":"2009-06-16T16:15:22","date_gmt":"2009-06-16T20:15:22","guid":{"rendered":"http:\/\/www.redenoticia.com.br\/noticia\/?p=2994"},"modified":"2009-06-16T16:15:22","modified_gmt":"2009-06-16T20:15:22","slug":"abertas-as-inscricoes-para-o-4%c2%ba-congresso-internacional-de-jornalismo-investigativo","status":"publish","type":"post","link":"https:\/\/migracao.redenoticia.com.br\/noticia\/2009\/abertas-as-inscricoes-para-o-4%c2%ba-congresso-internacional-de-jornalismo-investigativo\/2994","title":{"rendered":"Abertas as inscri\u00e7\u00f5es para o 4\u00ba Congresso Internacional de Jornalismo Investigativo"},"content":{"rendered":"<p style=\"text-align: justify; margin: 0px;\">Jornalistas e estudantes de jornalismo de todo o Brasil j\u00e1 podem se inscrever para o 4\u00ba Congresso Internacional de Jornalismo Investigativo. Organizado pela Abraji (Associa\u00e7\u00e3o Brasileira de Jornalismo Investigativo) e Universidade Anhembi Morumbi, o evento ser\u00e1 realizado nos dias 9, 10 e 11 de julho, em S\u00e3o Paulo.<\/p>\n<p style=\"text-align: justify; margin: 0px;\">\n<p style=\"text-align: justify; margin: 0px;\">Entre os quase 60 palestrantes est\u00e3o alguns dos mais experientes e<\/p>\n<p style=\"text-align: justify; margin: 0px;\">premiados jornalistas brasileiros como Paulo Totti (<em>Valor Econ\u00f4mico<\/em>),<\/p>\n<p style=\"text-align: justify; margin: 0px;\">Eduardo Faustini (TV Globo), Lourival Sant\u00b4anna (<em>O Estado de S. Paulo<\/em>), Matinas Suzuki (Coordenador da cole\u00e7\u00e3o Jornalismo Liter\u00e1rio da Companhia das Letras), Eliane Brum (<em>\u00c9poca<\/em>), Bob Fernandes (<em>Terra Magazine<\/em>), Elvira Lobato (<em>Folha de S. Paulo<\/em>) e Fausto Macedo (<em>O Estado de S. Paulo<\/em>).<\/p>\n<p style=\"text-align: justify; margin: 0px;\">\n<p style=\"text-align: justify; margin: 0px;\">A programa\u00e7\u00e3o tamb\u00e9m conta com palestras dos membros da diretoria da Abraji Angelina Nunes (<em>O Globo<\/em>), Fernando Rodrigues (<em>Folha de S.Paulo<\/em>), Marcelo Beraba (<em>O Estado de S. Paulo<\/em>), Fernando Molica (<em>O Dia<\/em>), Adriana Carranca (<em>O Estado de S. Paulo<\/em>), Claudio Tognolli (Consultor Jur\u00eddico\/USP), Li\u00e8ge Albuquerque (<em>O Estado de S. Paulo<\/em>), Ivana Moreira (<em>O Estado de S. Paulo<\/em>) e do coordenador de cursos e projetos, Jos\u00e9 Roberto de Toledo.<\/p>\n<p style=\"text-align: justify; margin: 0px;\">\n<p style=\"text-align: justify; margin: 0px;\">Entre os nove palestrantes internacionais est\u00e3o o jornalista do\u00a0<em>New<\/em><\/p>\n<p style=\"text-align: justify; margin: 0px;\"><em>York Times<\/em> Kirk Semple, que foi correspondente em Bagd\u00e1 e cobriu crime organizado no Afeganist\u00e3o, na Col\u00f4mbia e nos Estados Unidos, a jornalista investigativa americana Ana Arana, que reside no M\u00e9xico e presta consultorias para ve\u00edculos daquele pa\u00eds, e a colombiana Mar\u00eda Teresa Ronderos. O editor-executivo do Servi\u00e7o Mundial da BBC de Londres, Am\u00e9rico Martins, e Ronsental Calmon Alves, diretor-fundador do Centro Knight para Jornalismo nas Am\u00e9ricas, ligado \u00e0 Universidade do Texas, tamb\u00e9m estar\u00e3o presentes no Congresso.<\/p>\n<p style=\"text-align: justify; margin: 0px;\">\n<p style=\"text-align: justify; margin: 0px;\">A programa\u00e7\u00e3o conta com palestras e workshops sobre fundamentos da reportagem, t\u00e9cnicas de RAC (Reportagem com Aux\u00edlio do Computador), elei\u00e7\u00f5es presidenciais de 2010, crise econ\u00f4mica, Copa do Mundo, dentre outros assuntos.<\/p>\n<p style=\"text-align: justify; margin: 0px;\">\n<p style=\"text-align: justify; margin: 0px;\"><strong>Inscri\u00e7\u00f5es e mais informa\u00e7\u00f5es:<\/strong> <a style=\"color: #0000cc;\" href=\"http:\/\/www.abraji.org.br\/?id=112\" target=\"_blank\">http:\/\/www.abraji.org.br\/?id=112<\/a><\/p>\n<p style=\"text-align: justify; margin: 0px;\"><strong>Pre\u00e7os:<\/strong><\/p>\n<p style=\"text-align: justify; margin: 0px;\"><em>Taxas de inscri\u00e7\u00e3o at\u00e9 19 de junho:<\/em><\/p>\n<p style=\"text-align: justify; margin: 0px;\">Profissional n\u00e3o-s\u00f3cio:R$ 200,00<\/p>\n<p style=\"text-align: justify; margin: 0px;\">Profissional s\u00f3cio: R$ 80,00<\/p>\n<p style=\"text-align: justify; margin: 0px;\">Estudante n\u00e3o-s\u00f3cio: R$ 110,00<\/p>\n<p style=\"text-align: justify; margin: 0px;\">Estudante s\u00f3cio: R$ 40,00<\/p>\n<p style=\"text-align: justify; margin: 0px;\">\n<p style=\"text-align: justify; margin: 0px;\"><em>Taxas de inscri\u00e7\u00e3o ap\u00f3s 19 de junho:<\/em><\/p>\n<p style=\"text-align: justify; margin: 0px;\">Profissional n\u00e3o-s\u00f3cio: R$ 250,00<\/p>\n<p style=\"text-align: justify; margin: 0px;\">Profissional s\u00f3cio: R$ 100,00<\/p>\n<p style=\"text-align: justify; margin: 0px;\">Estudante n\u00e3o-s\u00f3cio: R$ 140,00<\/p>\n<p style=\"text-align: justify; margin: 0px;\">Estudante s\u00f3cio: R$ 50,00<\/p>\n","protected":false},"excerpt":{"rendered":"<p>Jornalistas e estudantes de jornalismo de todo o Brasil j\u00e1 podem se inscrever para o 4\u00ba Congresso Internacional de Jornalismo Investigativo. Organizado pela Abraji (Associa\u00e7\u00e3o Brasileira de Jornalismo Investigativo) e Universidade Anhembi Morumbi, o evento ser\u00e1 realizado nos dias 9, 10 e 11 de julho, em S\u00e3o Paulo. Entre os quase 60 palestrantes est\u00e3o alguns [&hellip;]<\/p>\n","protected":false},"author":2,"featured_media":0,"comment_status":"open","ping_status":"open","sticky":false,"template":"","format":"standard","meta":{"tdm_status":"","tdm_grid_status":"","footnotes":""},"categories":[22],"tags":[],"class_list":{"0":"post-2994","1":"post","2":"type-post","3":"status-publish","4":"format-standard","6":"category-brasil"},"_links":{"self":[{"href":"https:\/\/migracao.redenoticia.com.br\/noticia\/wp-json\/wp\/v2\/posts\/2994","targetHints":{"allow":["GET"]}}],"collection":[{"href":"https:\/\/migracao.redenoticia.com.br\/noticia\/wp-json\/wp\/v2\/posts"}],"about":[{"href":"https:\/\/migracao.redenoticia.com.br\/noticia\/wp-json\/wp\/v2\/types\/post"}],"author":[{"embeddable":true,"href":"https:\/\/migracao.redenoticia.com.br\/noticia\/wp-json\/wp\/v2\/users\/2"}],"replies":[{"embeddable":true,"href":"https:\/\/migracao.redenoticia.com.br\/noticia\/wp-json\/wp\/v2\/comments?post=2994"}],"version-history":[{"count":0,"href":"https:\/\/migracao.redenoticia.com.br\/noticia\/wp-json\/wp\/v2\/posts\/2994\/revisions"}],"wp:attachment":[{"href":"https:\/\/migracao.redenoticia.com.br\/noticia\/wp-json\/wp\/v2\/media?parent=2994"}],"wp:term":[{"taxonomy":"category","embeddable":true,"href":"https:\/\/migracao.redenoticia.com.br\/noticia\/wp-json\/wp\/v2\/categories?post=2994"},{"taxonomy":"post_tag","embeddable":true,"href":"https:\/\/migracao.redenoticia.com.br\/noticia\/wp-json\/wp\/v2\/tags?post=2994"}],"curies":[{"name":"wp","href":"https:\/\/api.w.org\/{rel}","templated":true}]}}