{"id":2998,"date":"2009-06-19T12:20:13","date_gmt":"2009-06-19T16:20:13","guid":{"rendered":"http:\/\/www.redenoticia.com.br\/noticia\/?p=2998"},"modified":"2009-06-19T14:39:05","modified_gmt":"2009-06-19T18:39:05","slug":"choque-de-geracoes-verdade-ou-mito","status":"publish","type":"post","link":"https:\/\/migracao.redenoticia.com.br\/noticia\/2009\/choque-de-geracoes-verdade-ou-mito\/2998","title":{"rendered":"Choque de gera\u00e7oes: verdade ou mito?"},"content":{"rendered":"<p><a href=\"https:\/\/migracao.redenoticia.com.br\/noticia\/imagens\/\/gera\u00e7\u00f5es.jpg\"><img loading=\"lazy\" decoding=\"async\" class=\"alignleft size-medium wp-image-3128\" title=\"gera\u00e7\u00f5es\" src=\"https:\/\/migracao.redenoticia.com.br\/noticia\/imagens\/\/gera\u00e7\u00f5es-249x187.jpg\" alt=\"gera\u00e7\u00f5es\" width=\"249\" height=\"187\" \/><\/a>Jovens da regi\u00e3o s\u00e3o mais escolarizados e menos religiosos do que adultos, mas compartilham vis\u00f5es sobre temas morais e \u00e9ticos<\/p>\n<p>Como a juventude \u00e9 vista nos diferentes pa\u00edses da Am\u00e9rica do Sul? Como se posicionam jovens e adultos sobre temas morais, \u00e9ticos e pol\u00edticos? Quais as principais demandas e problemas dos jovens na regi\u00e3o? Estas e outras perguntas guiaram a pesquisa &#8220;Juventude e Integra\u00e7\u00e3o Sulamericana: di\u00e1logos para construir a democracia regional&#8221;, coordenada pelo Instituto Brasileiro de An\u00e1lises Sociais e Econ\u00f4micas (Ibase) e Instituto P\u00f3lis, e que ouviu, em seis pa\u00edses &#8211; Brasil, Argentina, Chile, Uruguai, Bol\u00edvia e Paraguai &#8211; 14 mil pessoas no segundo semestre de 2008. Os resultados do estudo ser\u00e3o apresentados e debatidos com jovens destes pa\u00edses na pr\u00f3xima sexta-feira (19), a partir de 9hrs, no Clube de Engenharia, no Rio de Janeiro (Av Rio Branco, 124, 25 andar &#8211; na ocasi\u00e3o ser\u00e1 lan\u00e7ado o livro &#8220;Sociedades Sul-americanas: o que dizem jovens e adultos sobre as juventudes&#8221;, com os resultados do trabalho).<\/p>\n<p>O estudo &#8211; cujo question\u00e1rio contou com 50 perguntas &#8211; \u00e9 o primeiro a comparar gera\u00e7\u00f5es na Am\u00e9rica do Sul (50% dos entrevistados foram jovens de 18 a 29 anos e 50% adultos de 30 a 60 anos). Entre as diferen\u00e7as geracionais importantes, est\u00e3o as que indicam que os jovens s\u00e3o mais escolarizados que as gera\u00e7\u00f5es mais velhas (no Brasil, 3% dos jovens s\u00e3o analfabetos, contra 17% dos adultos), mais conectados \u00e0 Internet (no Brasil 50% dos jovens s\u00e3o usu\u00e1rios, contra 21% dos adultos) e tamb\u00e9m menos religiosos (no Brasil, 14% dos jovens declaram n\u00e3o ter religi\u00e3o, contra 7% dos adultos).<\/p>\n<p>Por ouro lado, os jovens nos seis pa\u00edses pesquisados compartilham com os adultos opini\u00f5es e valores semelhantes quanto a temas morais e \u00e9ticos, como a legaliza\u00e7\u00e3o do aborto (as gera\u00e7\u00f5es pensam de modo parecido, em geral contra), a import\u00e2ncia do esfor\u00e7o pessoal para se melhorar de vida e a vis\u00e3o da corrup\u00e7\u00e3o como principal amea\u00e7a \u00e0 democracia. As gera\u00e7\u00f5es tamb\u00e9m se aproximam na hora de definir o que \u00e9 prioridade para a juventude: jovens e adultos acreditam que o mais importante para os jovens hoje \u00e9 &#8220;ter mais oportunidade de trabalho&#8221;, embora os adultos acreditem mais nas credenciais da educa\u00e7\u00e3o do que os jovens (que valorizam mais a experi\u00eancia como fator de ingresso no mercado de trabalho).<\/p>\n<p>Realizado por uma rede de parceiros &#8211; Fundaci\u00f3n SES (Argentina), Pieb (Bol\u00edvia), CIDPA (Chile), Base-IS (Paraguai) e Cotidiano Mujer (Uruguai) &#8211; o trabalho tem como objetivo contribuir para a vig\u00eancia e a amplia\u00e7\u00e3o dos direitos da juventude, que corresponde na Am\u00e9rica do Sul a 25% da popula\u00e7\u00e3o. A pesquisa contou com o apoio do Centro de Pesquisas para o Desenvolvimento Internacional (IDRC, do Canad\u00e1), e integra uma s\u00e9rie de estudos que Ibase e P\u00f3lis vem realizando sobre juventude desde o ano de 2004. A aplica\u00e7\u00e3o do question\u00e1rio ficou a cargo do Ibope.<\/p>\n<p>Mais informa\u00e7\u00f5es e resumo dos resultados:<br \/>\nInstituto Brasileiro de An\u00e1lises Sociais e Econ\u00f4micas (Ibase)<\/p>\n","protected":false},"excerpt":{"rendered":"<p>Jovens da regi\u00e3o s\u00e3o mais escolarizados e menos religiosos do que adultos, mas compartilham vis\u00f5es sobre temas morais e \u00e9ticos Como a juventude \u00e9 vista nos diferentes pa\u00edses da Am\u00e9rica do Sul? Como se posicionam jovens e adultos sobre temas morais, \u00e9ticos e pol\u00edticos? Quais as principais demandas e problemas dos jovens na regi\u00e3o? Estas [&hellip;]<\/p>\n","protected":false},"author":2,"featured_media":0,"comment_status":"open","ping_status":"open","sticky":false,"template":"","format":"standard","meta":{"tdm_status":"","tdm_grid_status":"","footnotes":""},"categories":[22],"tags":[],"class_list":{"0":"post-2998","1":"post","2":"type-post","3":"status-publish","4":"format-standard","6":"category-brasil"},"_links":{"self":[{"href":"https:\/\/migracao.redenoticia.com.br\/noticia\/wp-json\/wp\/v2\/posts\/2998","targetHints":{"allow":["GET"]}}],"collection":[{"href":"https:\/\/migracao.redenoticia.com.br\/noticia\/wp-json\/wp\/v2\/posts"}],"about":[{"href":"https:\/\/migracao.redenoticia.com.br\/noticia\/wp-json\/wp\/v2\/types\/post"}],"author":[{"embeddable":true,"href":"https:\/\/migracao.redenoticia.com.br\/noticia\/wp-json\/wp\/v2\/users\/2"}],"replies":[{"embeddable":true,"href":"https:\/\/migracao.redenoticia.com.br\/noticia\/wp-json\/wp\/v2\/comments?post=2998"}],"version-history":[{"count":0,"href":"https:\/\/migracao.redenoticia.com.br\/noticia\/wp-json\/wp\/v2\/posts\/2998\/revisions"}],"wp:attachment":[{"href":"https:\/\/migracao.redenoticia.com.br\/noticia\/wp-json\/wp\/v2\/media?parent=2998"}],"wp:term":[{"taxonomy":"category","embeddable":true,"href":"https:\/\/migracao.redenoticia.com.br\/noticia\/wp-json\/wp\/v2\/categories?post=2998"},{"taxonomy":"post_tag","embeddable":true,"href":"https:\/\/migracao.redenoticia.com.br\/noticia\/wp-json\/wp\/v2\/tags?post=2998"}],"curies":[{"name":"wp","href":"https:\/\/api.w.org\/{rel}","templated":true}]}}