{"id":3,"date":"2009-04-09T10:12:00","date_gmt":"2009-04-09T13:12:00","guid":{"rendered":"http:\/\/www.redenoticia.com.br\/noticia\/?p=3"},"modified":"2009-04-09T21:40:19","modified_gmt":"2009-04-10T00:40:19","slug":"ministro-garante-verba-para-o-aeroporto-de-ji-parana","status":"publish","type":"post","link":"https:\/\/migracao.redenoticia.com.br\/noticia\/2009\/ministro-garante-verba-para-o-aeroporto-de-ji-parana\/3","title":{"rendered":"Ministro garante verba para o aeroporto de Ji-Paran\u00e1"},"content":{"rendered":"\n<p><span>Em audi\u00eancia com o Ministro da Defesa, Nelson Jobim, na tarde de hoje (08), o deputado federal Anselmo de Jesus obteve confirma\u00e7\u00e3o de que a libera\u00e7\u00e3o do recurso para a execu\u00e7\u00e3o do projeto de reforma e amplia\u00e7\u00e3o do aeroporto Jos\u00e9 Coleto, em Ji-paran\u00e1, ser\u00e1 priorizada.<\/span><\/p>\n<p><span>A audi\u00eancia, proposta pelo deputado Anselmo, teve por objetivo firmar compromisso de agilidade no processo de libera\u00e7\u00e3o dos recursos necess\u00e1rios para o in\u00edcio das obras. O Ministro foi sensibilizado quanto aos benef\u00edcios que tais obras trar\u00e3o para a regi\u00e3o central de Rond\u00f4nia. Tamb\u00e9m participaram da audi\u00eancia o Secret\u00e1rio Nacional de Avia\u00e7\u00e3o Civil do Minist\u00e9rio da Defesa, Jorge Godinho, e o deputado federal Eduardo Valverde (PT).<\/span><\/p>\n<p><span>O Ministro Nelson Jobim se comprometeu diante do deputado, solicitando ao Secret\u00e1rio Nacional de Avia\u00e7\u00e3o Civil, Brigadeiro Jorge Godinho, para tomar as provid\u00eancias necess\u00e1rias para que o processo de libera\u00e7\u00e3o do recurso aconte\u00e7a o quanto antes. Nelson Jobim salientou que a administra\u00e7\u00e3o do recurso \u00e9 de compet\u00eancia do Minist\u00e9rio da Defesa e n\u00e3o mais do Comando da Aeron\u00e1utica.<\/span><\/p>\n<p><span>O deputado Anselmo de Jesus foi novamente informado pelas autoridades de que a obra do aeroporto Jos\u00e9 Coleto \u00e9 prioridade do Comando da Aeron\u00e1utica, e que assim que definido os limites or\u00e7ament\u00e1rios por parte do Minist\u00e9rio, a obra ter\u00e1 in\u00edcio.<\/span><\/p>\n<p><span>&#8220;Estamos tendo algumas dificuldades com este grande projeto para o Estado de Rond\u00f4nia, mas aos poucos estamos eliminando-as e em breve essa obra poder\u00e1 ser realizada&#8221;, enfatiza Anselmo.<\/span><\/p>\n","protected":false},"excerpt":{"rendered":"<p>Em audi\u00eancia com o Ministro da Defesa, Nelson Jobim, na tarde de hoje (08), o deputado federal Anselmo de Jesus obteve confirma\u00e7\u00e3o de que a libera\u00e7\u00e3o do recurso para a execu\u00e7\u00e3o do projeto de reforma e amplia\u00e7\u00e3o do aeroporto Jos\u00e9 Coleto, em Ji-paran\u00e1, ser\u00e1 priorizada. A audi\u00eancia, proposta pelo deputado Anselmo, teve por objetivo firmar [&hellip;]<\/p>\n","protected":false},"author":2,"featured_media":0,"comment_status":"open","ping_status":"open","sticky":false,"template":"","format":"standard","meta":{"tdm_status":"","tdm_grid_status":"","footnotes":""},"categories":[7],"tags":[],"class_list":{"0":"post-3","1":"post","2":"type-post","3":"status-publish","4":"format-standard","6":"category-economia"},"_links":{"self":[{"href":"https:\/\/migracao.redenoticia.com.br\/noticia\/wp-json\/wp\/v2\/posts\/3","targetHints":{"allow":["GET"]}}],"collection":[{"href":"https:\/\/migracao.redenoticia.com.br\/noticia\/wp-json\/wp\/v2\/posts"}],"about":[{"href":"https:\/\/migracao.redenoticia.com.br\/noticia\/wp-json\/wp\/v2\/types\/post"}],"author":[{"embeddable":true,"href":"https:\/\/migracao.redenoticia.com.br\/noticia\/wp-json\/wp\/v2\/users\/2"}],"replies":[{"embeddable":true,"href":"https:\/\/migracao.redenoticia.com.br\/noticia\/wp-json\/wp\/v2\/comments?post=3"}],"version-history":[{"count":0,"href":"https:\/\/migracao.redenoticia.com.br\/noticia\/wp-json\/wp\/v2\/posts\/3\/revisions"}],"wp:attachment":[{"href":"https:\/\/migracao.redenoticia.com.br\/noticia\/wp-json\/wp\/v2\/media?parent=3"}],"wp:term":[{"taxonomy":"category","embeddable":true,"href":"https:\/\/migracao.redenoticia.com.br\/noticia\/wp-json\/wp\/v2\/categories?post=3"},{"taxonomy":"post_tag","embeddable":true,"href":"https:\/\/migracao.redenoticia.com.br\/noticia\/wp-json\/wp\/v2\/tags?post=3"}],"curies":[{"name":"wp","href":"https:\/\/api.w.org\/{rel}","templated":true}]}}