{"id":3001,"date":"2009-06-16T16:25:01","date_gmt":"2009-06-16T20:25:01","guid":{"rendered":"http:\/\/www.redenoticia.com.br\/noticia\/?p=3001"},"modified":"2009-06-16T16:25:01","modified_gmt":"2009-06-16T20:25:01","slug":"santander-abre-financiamento-para-projetos-sustentaveis","status":"publish","type":"post","link":"https:\/\/migracao.redenoticia.com.br\/noticia\/2009\/santander-abre-financiamento-para-projetos-sustentaveis\/3001","title":{"rendered":"Santander abre financiamento para projetos sustent\u00e1veis"},"content":{"rendered":"<p>O Grupo Santander Brasil foi autorizado pelo International Finance Corporation &#8211; IFC, bra\u00e7o do Banco Mundial voltado ao setor privado, a operar uma linha destinada a projetos especiais em pa\u00edses em desenvolvimento. A institui\u00e7\u00e3o repassar\u00e1 os recursos para projetos socioambientais que se encaixem nos crit\u00e9rios definidos pela institui\u00e7\u00e3o, a exemplo do que fazia o Banco Real desde 2003, hoje integrante do Grupo. A linha, rotativa, \u00e9 de R$ 537 milh\u00f5es.<\/p>\n<p>&#8220;Fomos o primeiro Banco no Brasil a ter esta linha do IFC, justamente por nosso modelo de neg\u00f3cios com foco nas necessidades dos clientes, principalmente aqueles que buscam por solu\u00e7\u00f5es e resultados sustent\u00e1veis&#8221;, explica Julio Bin, superintendente de Desenvolvimento de Neg\u00f3cios Sustent\u00e1veis do Grupo Santander Brasil.<\/p>\n<p>Pelo acordo entre o banco e o IFC, os projetos eleg\u00edveis a esta linha de recursos devem se inserir em um dos seguintes crit\u00e9rios:<\/p>\n<p>&#8211; Produ\u00e7\u00e3o Mais Limpa: contemplam reutiliza\u00e7\u00e3o, renova\u00e7\u00e3o e tratamento de res\u00edduos s\u00f3lidos e l\u00edquidos e\/ou que busquem a efici\u00eancia no uso de mat\u00e9rias primas, \u00e1gua e energia, por meio da redu\u00e7\u00e3o ou elimina\u00e7\u00e3o de res\u00edduos e emiss\u00f5es atmosf\u00e9ricas, reciclagem etc. Devem proporcionar benef\u00edcios econ\u00f4micos, ambientais e de sa\u00fade ocupacional.<\/p>\n<p>&#8211; Energias Renov\u00e1veis\/Efici\u00eancia Energ\u00e9tica: buscam a transforma\u00e7\u00e3o ou modifica\u00e7\u00e3o da matriz energ\u00e9tica por meio do uso de energias renov\u00e1veis obtidas de fontes naturais capazes de se regenerar, ou seja, inesgot\u00e1veis. Nesta categoria tamb\u00e9m s\u00e3o inclu\u00eddos os projetos de efici\u00eancia energ\u00e9tica pela cogera\u00e7\u00e3o, transmiss\u00e3o e consumo ou uso de energia com o m\u00ednimo de desperd\u00edcio poss\u00edvel.<\/p>\n<p>&#8211; Governan\u00e7a Corporativa: projetos com o objetivo de desenvolver e implementar processos para a boa governan\u00e7a, como por exemplo SA8000, ISO, AA1000 etc.<\/p>\n","protected":false},"excerpt":{"rendered":"<p>O Grupo Santander Brasil foi autorizado pelo International Finance Corporation &#8211; IFC, bra\u00e7o do Banco Mundial voltado ao setor privado, a operar uma linha destinada a projetos especiais em pa\u00edses em desenvolvimento. A institui\u00e7\u00e3o repassar\u00e1 os recursos para projetos socioambientais que se encaixem nos crit\u00e9rios definidos pela institui\u00e7\u00e3o, a exemplo do que fazia o Banco [&hellip;]<\/p>\n","protected":false},"author":2,"featured_media":0,"comment_status":"open","ping_status":"open","sticky":false,"template":"","format":"standard","meta":{"tdm_status":"","tdm_grid_status":"","footnotes":""},"categories":[22],"tags":[],"class_list":{"0":"post-3001","1":"post","2":"type-post","3":"status-publish","4":"format-standard","6":"category-brasil"},"_links":{"self":[{"href":"https:\/\/migracao.redenoticia.com.br\/noticia\/wp-json\/wp\/v2\/posts\/3001","targetHints":{"allow":["GET"]}}],"collection":[{"href":"https:\/\/migracao.redenoticia.com.br\/noticia\/wp-json\/wp\/v2\/posts"}],"about":[{"href":"https:\/\/migracao.redenoticia.com.br\/noticia\/wp-json\/wp\/v2\/types\/post"}],"author":[{"embeddable":true,"href":"https:\/\/migracao.redenoticia.com.br\/noticia\/wp-json\/wp\/v2\/users\/2"}],"replies":[{"embeddable":true,"href":"https:\/\/migracao.redenoticia.com.br\/noticia\/wp-json\/wp\/v2\/comments?post=3001"}],"version-history":[{"count":0,"href":"https:\/\/migracao.redenoticia.com.br\/noticia\/wp-json\/wp\/v2\/posts\/3001\/revisions"}],"wp:attachment":[{"href":"https:\/\/migracao.redenoticia.com.br\/noticia\/wp-json\/wp\/v2\/media?parent=3001"}],"wp:term":[{"taxonomy":"category","embeddable":true,"href":"https:\/\/migracao.redenoticia.com.br\/noticia\/wp-json\/wp\/v2\/categories?post=3001"},{"taxonomy":"post_tag","embeddable":true,"href":"https:\/\/migracao.redenoticia.com.br\/noticia\/wp-json\/wp\/v2\/tags?post=3001"}],"curies":[{"name":"wp","href":"https:\/\/api.w.org\/{rel}","templated":true}]}}