{"id":3009,"date":"2009-06-16T16:42:53","date_gmt":"2009-06-16T20:42:53","guid":{"rendered":"http:\/\/www.redenoticia.com.br\/noticia\/?p=3009"},"modified":"2009-06-16T16:42:53","modified_gmt":"2009-06-16T20:42:53","slug":"ji-parana-inicia-campanha-de-vacinacao-contra-a-polio-no-dia-19","status":"publish","type":"post","link":"https:\/\/migracao.redenoticia.com.br\/noticia\/2009\/ji-parana-inicia-campanha-de-vacinacao-contra-a-polio-no-dia-19\/3009","title":{"rendered":"Ji-Paran\u00e1 inicia campanha de vacina\u00e7\u00e3o contra a p\u00f3lio no dia 19"},"content":{"rendered":"<p align=\"justify\"><span style=\"font-family: Arial; font-size: small;\">A Assessoria de Comunica\u00e7\u00e3o da Secretaria Municipal de Sa\u00fade (SEMUSA) comunica que est\u00e1 marcado para a pr\u00f3xima sexta-feira, 19, na Unidade de Sa\u00fade da Mulher, BNH Mulher, bairro BNH, \u00e0s 9 horas, o lan\u00e7amento da Campanha Nacional de Vacina\u00e7\u00e3o Contra a Poliomielite. A cerim\u00f4nia ter\u00e1 a presen\u00e7a do Secret\u00e1rio de Sa\u00fade, Jos\u00e9 Batista da Silva.<\/span><\/p>\n<p align=\"justify\"><span style=\"font-family: Arial; font-size: small;\">Na ocasi\u00e3o, o Z\u00e9 Gotinha, s\u00edmbolo da Campanha contra a p\u00f3lio, estar\u00e1 distribuindo doces para as crian\u00e7as.<\/span><\/p>\n<p align=\"justify\"><span style=\"font-family: Arial; font-size: small;\">A meta da Divis\u00e3o de Imuniza\u00e7\u00e3o da Semusa este ano \u00e9 a de vacinar nove mil crian\u00e7as de 0 a 4 anos, 11 meses e 29 dias, correspondente a 95% da popula\u00e7\u00e3o do munic\u00edpio nesta faixa et\u00e1ria.<\/span><\/p>\n<p align=\"justify\"><span style=\"font-family: Arial; font-size: small;\"><strong>Postos de vacina\u00e7\u00e3o<\/strong><\/span><\/p>\n<p align=\"justify\"><span style=\"font-family: Arial; font-size: small;\">O munic\u00edpio disponibilizar\u00e1 a vacina contra poliomielite em todas as unidades de sa\u00fade e em postos de vacina\u00e7\u00e3o espalhados pelos bairros, nas associa\u00e7\u00f5es de moradores, igrejas, mercados, entre outros. No total ser\u00e3o disponibilizados 46 pontos de vacina\u00e7\u00e3o em Ji-Paran\u00e1.<\/span><\/p>\n","protected":false},"excerpt":{"rendered":"<p>A Assessoria de Comunica\u00e7\u00e3o da Secretaria Municipal de Sa\u00fade (SEMUSA) comunica que est\u00e1 marcado para a pr\u00f3xima sexta-feira, 19, na Unidade de Sa\u00fade da Mulher, BNH Mulher, bairro BNH, \u00e0s 9 horas, o lan\u00e7amento da Campanha Nacional de Vacina\u00e7\u00e3o Contra a Poliomielite. A cerim\u00f4nia ter\u00e1 a presen\u00e7a do Secret\u00e1rio de Sa\u00fade, Jos\u00e9 Batista da Silva. [&hellip;]<\/p>\n","protected":false},"author":2,"featured_media":0,"comment_status":"open","ping_status":"open","sticky":false,"template":"","format":"standard","meta":{"tdm_status":"","tdm_grid_status":"","footnotes":""},"categories":[5],"tags":[],"class_list":{"0":"post-3009","1":"post","2":"type-post","3":"status-publish","4":"format-standard","6":"category-saude-e-vida"},"_links":{"self":[{"href":"https:\/\/migracao.redenoticia.com.br\/noticia\/wp-json\/wp\/v2\/posts\/3009","targetHints":{"allow":["GET"]}}],"collection":[{"href":"https:\/\/migracao.redenoticia.com.br\/noticia\/wp-json\/wp\/v2\/posts"}],"about":[{"href":"https:\/\/migracao.redenoticia.com.br\/noticia\/wp-json\/wp\/v2\/types\/post"}],"author":[{"embeddable":true,"href":"https:\/\/migracao.redenoticia.com.br\/noticia\/wp-json\/wp\/v2\/users\/2"}],"replies":[{"embeddable":true,"href":"https:\/\/migracao.redenoticia.com.br\/noticia\/wp-json\/wp\/v2\/comments?post=3009"}],"version-history":[{"count":0,"href":"https:\/\/migracao.redenoticia.com.br\/noticia\/wp-json\/wp\/v2\/posts\/3009\/revisions"}],"wp:attachment":[{"href":"https:\/\/migracao.redenoticia.com.br\/noticia\/wp-json\/wp\/v2\/media?parent=3009"}],"wp:term":[{"taxonomy":"category","embeddable":true,"href":"https:\/\/migracao.redenoticia.com.br\/noticia\/wp-json\/wp\/v2\/categories?post=3009"},{"taxonomy":"post_tag","embeddable":true,"href":"https:\/\/migracao.redenoticia.com.br\/noticia\/wp-json\/wp\/v2\/tags?post=3009"}],"curies":[{"name":"wp","href":"https:\/\/api.w.org\/{rel}","templated":true}]}}