{"id":3014,"date":"2009-06-16T23:32:05","date_gmt":"2009-06-17T03:32:05","guid":{"rendered":"http:\/\/www.redenoticia.com.br\/noticia\/?p=3014"},"modified":"2009-06-17T11:42:27","modified_gmt":"2009-06-17T15:42:27","slug":"casa-de-nazare-e-declarada-utilidade-publica-pelos-vereadores-de-ji-parana","status":"publish","type":"post","link":"https:\/\/migracao.redenoticia.com.br\/noticia\/2009\/casa-de-nazare-e-declarada-utilidade-publica-pelos-vereadores-de-ji-parana\/3014","title":{"rendered":"Casa de Nazar\u00e9 \u00e9 declarada utilidade p\u00fablica pelos vereadores de Ji-Paran\u00e1"},"content":{"rendered":"<p>Na sess\u00e3o desta ter\u00e7a (16) foi aclamada pelos presentes a aprova\u00e7\u00e3o do projeto de lei que declara de utilidade p\u00fablica a Associa\u00e7\u00e3o Casa de Nazar\u00e9, para que a entidade possa receber repasse municipal. A entidade atende 160 crian\u00e7as do bairro Boa Esperan\u00e7a.<\/p>\n<p>O presidente da C\u00e2mara, vereador Nilton Cezar Rios, comunicou o in\u00edcio do informativo da c\u00e2mara em r\u00e1dio, tv e jornal, al\u00e9m de reafirmar o empenho para transformar os nuares Nova Colina e Nova Londrina em distritos de Ji-Paran\u00e1.<\/p>\n<p>O vereador Marcos Rog\u00e9rio sugeriu a implanta\u00e7\u00e3o de terminais de \u00f4nibus nos distritos para otimiza\u00e7\u00e3o do transporte municipal e a vereadora M\u00e1rcia Regina solicitou empenho do poder executivo para solucionar o abastecimento de \u00e1gua no bairro Habitar Brasil.<\/p>\n<p>Passou pela <span style=\"text-decoration: underline;\">primeira discuss\u00e3o <\/span> o projeto de lei que autoriza o poder executivo municipal repassar 326mil reais para as creches, e a regulariza\u00e7\u00e3o de obras e lotes urbanos. Estas leis ser\u00e3o aprovadas ap\u00f3s uma segunda vota\u00e7\u00e3o.<\/p>\n<p><span style=\"text-decoration: underline;\"> <\/span><\/p>\n<p>Foram aprovados definitivamente a substitui\u00e7\u00e3o de \u00f3rg\u00e3o integrante do Conselho Municipal de Desenvolvimento Rural, o repasse de 20 mil reais \u00e0 ASDEFAL para aquisi\u00e7\u00e3o de cadeiras de roda e muletas, \u00a0cr\u00e9dito adicional de 181 mil para aquisi\u00e7\u00e3o de ve\u00edculos e repasse de 20 mil \u00e0 APAC para investimento em projetos de ressocializa\u00e7\u00e3o de apenados.<\/p>\n<p>A convite do presidente Nilton C\u00e9sar, esteve presente na mesa o secret\u00e1rio municipal de administra\u00e7\u00e3o de Presidente M\u00e9dice, Gilvan de Castro.<\/p>\n","protected":false},"excerpt":{"rendered":"<p>Na sess\u00e3o desta ter\u00e7a (16) foi aclamada pelos presentes a aprova\u00e7\u00e3o do projeto de lei que declara de utilidade p\u00fablica a Associa\u00e7\u00e3o Casa de Nazar\u00e9, para que a entidade possa receber repasse municipal. A entidade atende 160 crian\u00e7as do bairro Boa Esperan\u00e7a. O presidente da C\u00e2mara, vereador Nilton Cezar Rios, comunicou o in\u00edcio do informativo [&hellip;]<\/p>\n","protected":false},"author":3,"featured_media":0,"comment_status":"open","ping_status":"open","sticky":false,"template":"","format":"standard","meta":{"tdm_status":"","tdm_grid_status":"","footnotes":""},"categories":[22],"tags":[],"class_list":{"0":"post-3014","1":"post","2":"type-post","3":"status-publish","4":"format-standard","6":"category-brasil"},"_links":{"self":[{"href":"https:\/\/migracao.redenoticia.com.br\/noticia\/wp-json\/wp\/v2\/posts\/3014","targetHints":{"allow":["GET"]}}],"collection":[{"href":"https:\/\/migracao.redenoticia.com.br\/noticia\/wp-json\/wp\/v2\/posts"}],"about":[{"href":"https:\/\/migracao.redenoticia.com.br\/noticia\/wp-json\/wp\/v2\/types\/post"}],"author":[{"embeddable":true,"href":"https:\/\/migracao.redenoticia.com.br\/noticia\/wp-json\/wp\/v2\/users\/3"}],"replies":[{"embeddable":true,"href":"https:\/\/migracao.redenoticia.com.br\/noticia\/wp-json\/wp\/v2\/comments?post=3014"}],"version-history":[{"count":0,"href":"https:\/\/migracao.redenoticia.com.br\/noticia\/wp-json\/wp\/v2\/posts\/3014\/revisions"}],"wp:attachment":[{"href":"https:\/\/migracao.redenoticia.com.br\/noticia\/wp-json\/wp\/v2\/media?parent=3014"}],"wp:term":[{"taxonomy":"category","embeddable":true,"href":"https:\/\/migracao.redenoticia.com.br\/noticia\/wp-json\/wp\/v2\/categories?post=3014"},{"taxonomy":"post_tag","embeddable":true,"href":"https:\/\/migracao.redenoticia.com.br\/noticia\/wp-json\/wp\/v2\/tags?post=3014"}],"curies":[{"name":"wp","href":"https:\/\/api.w.org\/{rel}","templated":true}]}}