{"id":3019,"date":"2009-06-16T23:36:46","date_gmt":"2009-06-17T03:36:46","guid":{"rendered":"http:\/\/www.redenoticia.com.br\/noticia\/?p=3019"},"modified":"2009-06-17T11:45:24","modified_gmt":"2009-06-17T15:45:24","slug":"comissao-do-senado-aprova-projeto-de-lei-que-propoe-fim-de-fusos-horarios-no-pais","status":"publish","type":"post","link":"https:\/\/migracao.redenoticia.com.br\/noticia\/2009\/comissao-do-senado-aprova-projeto-de-lei-que-propoe-fim-de-fusos-horarios-no-pais\/3019","title":{"rendered":"Comiss\u00e3o do Senado aprova projeto de lei que prop\u00f5e fim de fusos hor\u00e1rios no pa\u00eds"},"content":{"rendered":"<p>A Comiss\u00e3o de Assuntos Econ\u00f4micos do Senado aprovou hoje (16) projeto de lei de autoria do senador Arthur Virg\u00edlio (PSDB-AM) que acaba com os fusos hor\u00e1rios no pa\u00eds (hora local).<\/p>\n<p>Pela proposta, todos os estados passam a adotar o hor\u00e1rio de Bras\u00edlia (hora legal). A mat\u00e9ria ainda ser\u00e1 analisada em car\u00e1ter terminativo pela Comiss\u00e3o de Rela\u00e7\u00f5es Exteriores e Defesa Nacional. Se aprovado, o projeto de lei segue para aprecia\u00e7\u00e3o da C\u00e2mara.<\/p>\n<p>O territ\u00f3rio brasileiro \u00e9 cortado por quatro fusos hor\u00e1rios, mas a maioria do pa\u00eds adota a hora de Bras\u00edlia, chamada hora legal brasileira, estabelecida pelo Decreto n\u00ba 2.784, de 18 de junho de 1913.<\/p>\n<p>Marcos Chagas<br \/>\n<em>Rep\u00f3rter da Ag\u00eancia Brasil<\/em><\/p>\n","protected":false},"excerpt":{"rendered":"<p>A Comiss\u00e3o de Assuntos Econ\u00f4micos do Senado aprovou hoje (16) projeto de lei de autoria do senador Arthur Virg\u00edlio (PSDB-AM) que acaba com os fusos hor\u00e1rios no pa\u00eds (hora local). Pela proposta, todos os estados passam a adotar o hor\u00e1rio de Bras\u00edlia (hora legal). A mat\u00e9ria ainda ser\u00e1 analisada em car\u00e1ter terminativo pela Comiss\u00e3o de [&hellip;]<\/p>\n","protected":false},"author":3,"featured_media":0,"comment_status":"open","ping_status":"open","sticky":false,"template":"","format":"standard","meta":{"tdm_status":"","tdm_grid_status":"","footnotes":""},"categories":[22],"tags":[],"class_list":{"0":"post-3019","1":"post","2":"type-post","3":"status-publish","4":"format-standard","6":"category-brasil"},"_links":{"self":[{"href":"https:\/\/migracao.redenoticia.com.br\/noticia\/wp-json\/wp\/v2\/posts\/3019","targetHints":{"allow":["GET"]}}],"collection":[{"href":"https:\/\/migracao.redenoticia.com.br\/noticia\/wp-json\/wp\/v2\/posts"}],"about":[{"href":"https:\/\/migracao.redenoticia.com.br\/noticia\/wp-json\/wp\/v2\/types\/post"}],"author":[{"embeddable":true,"href":"https:\/\/migracao.redenoticia.com.br\/noticia\/wp-json\/wp\/v2\/users\/3"}],"replies":[{"embeddable":true,"href":"https:\/\/migracao.redenoticia.com.br\/noticia\/wp-json\/wp\/v2\/comments?post=3019"}],"version-history":[{"count":0,"href":"https:\/\/migracao.redenoticia.com.br\/noticia\/wp-json\/wp\/v2\/posts\/3019\/revisions"}],"wp:attachment":[{"href":"https:\/\/migracao.redenoticia.com.br\/noticia\/wp-json\/wp\/v2\/media?parent=3019"}],"wp:term":[{"taxonomy":"category","embeddable":true,"href":"https:\/\/migracao.redenoticia.com.br\/noticia\/wp-json\/wp\/v2\/categories?post=3019"},{"taxonomy":"post_tag","embeddable":true,"href":"https:\/\/migracao.redenoticia.com.br\/noticia\/wp-json\/wp\/v2\/tags?post=3019"}],"curies":[{"name":"wp","href":"https:\/\/api.w.org\/{rel}","templated":true}]}}