{"id":3021,"date":"2009-06-16T23:39:52","date_gmt":"2009-06-17T03:39:52","guid":{"rendered":"http:\/\/www.redenoticia.com.br\/noticia\/?p=3021"},"modified":"2009-06-17T11:42:47","modified_gmt":"2009-06-17T15:42:47","slug":"jovens-adventistas-distribuem-cestas-basicas-para-familias-carentes-de-presidente-medici","status":"publish","type":"post","link":"https:\/\/migracao.redenoticia.com.br\/noticia\/2009\/jovens-adventistas-distribuem-cestas-basicas-para-familias-carentes-de-presidente-medici\/3021","title":{"rendered":"Jovens Adventistas distribuem cestas b\u00e1sicas para fam\u00edlias carentes de Presidente M\u00e9dici"},"content":{"rendered":"<p><span style=\"font-family: 'Times New Roman'; font-size: small;\"><a href=\"https:\/\/migracao.redenoticia.com.br\/noticia\/imagens\/\/JovemAdventista.jpg\"><img loading=\"lazy\" decoding=\"async\" class=\"alignleft size-medium wp-image-3022\" title=\"JovemAdventista\" src=\"https:\/\/migracao.redenoticia.com.br\/noticia\/imagens\/\/JovemAdventista-222x187.jpg\" alt=\"JovemAdventista\" width=\"222\" height=\"187\" \/><\/a>Nos dias 11 a 14 de junho, juvenis e adolescentes participaram do 3\u00b0 Enduro de Desbravadores de Presidente M\u00e9dici, um evento promovido pela Igreja Adventista do 7 \u00b0 Dia. <\/span><\/p>\n<p><span style=\"font-family: 'Times New Roman'; font-size: small;\">No \u00faltimo dia, os desbravadores distribu\u00edram cestas b\u00e1sicas para 54 fam\u00edlias carentes, todas as cestas contendo B\u00edblias. \u201c Atrav\u00e9s do Enduro buscamos promover a atividade f\u00edsica e o desenvolvimento dos desbravadores e seus L\u00edderes, mas tamb\u00e9m buscamos incentiv\u00e1-los  a realizarem trabalhos comunit\u00e1rios\u201d, falou um dos organizadores do evento, o Pr. Luiz Fernando Cardoso.<\/span><\/p>\n<p><span style=\"font-family: 'Times New Roman'; font-size: small;\"><span style=\"font-family: Arial; font-size: x-small;\">Yonara Torres<br \/>\nAluna Reporter<\/span><\/span><\/p>\n","protected":false},"excerpt":{"rendered":"<p>Nos dias 11 a 14 de junho, juvenis e adolescentes participaram do 3\u00b0 Enduro de Desbravadores de Presidente M\u00e9dici, um evento promovido pela Igreja Adventista do 7 \u00b0 Dia. No \u00faltimo dia, os desbravadores distribu\u00edram cestas b\u00e1sicas para 54 fam\u00edlias carentes, todas as cestas contendo B\u00edblias. \u201c Atrav\u00e9s do Enduro buscamos promover a atividade f\u00edsica [&hellip;]<\/p>\n","protected":false},"author":2,"featured_media":0,"comment_status":"open","ping_status":"open","sticky":false,"template":"","format":"standard","meta":{"tdm_status":"","tdm_grid_status":"","footnotes":""},"categories":[22],"tags":[],"class_list":{"0":"post-3021","1":"post","2":"type-post","3":"status-publish","4":"format-standard","6":"category-brasil"},"_links":{"self":[{"href":"https:\/\/migracao.redenoticia.com.br\/noticia\/wp-json\/wp\/v2\/posts\/3021","targetHints":{"allow":["GET"]}}],"collection":[{"href":"https:\/\/migracao.redenoticia.com.br\/noticia\/wp-json\/wp\/v2\/posts"}],"about":[{"href":"https:\/\/migracao.redenoticia.com.br\/noticia\/wp-json\/wp\/v2\/types\/post"}],"author":[{"embeddable":true,"href":"https:\/\/migracao.redenoticia.com.br\/noticia\/wp-json\/wp\/v2\/users\/2"}],"replies":[{"embeddable":true,"href":"https:\/\/migracao.redenoticia.com.br\/noticia\/wp-json\/wp\/v2\/comments?post=3021"}],"version-history":[{"count":0,"href":"https:\/\/migracao.redenoticia.com.br\/noticia\/wp-json\/wp\/v2\/posts\/3021\/revisions"}],"wp:attachment":[{"href":"https:\/\/migracao.redenoticia.com.br\/noticia\/wp-json\/wp\/v2\/media?parent=3021"}],"wp:term":[{"taxonomy":"category","embeddable":true,"href":"https:\/\/migracao.redenoticia.com.br\/noticia\/wp-json\/wp\/v2\/categories?post=3021"},{"taxonomy":"post_tag","embeddable":true,"href":"https:\/\/migracao.redenoticia.com.br\/noticia\/wp-json\/wp\/v2\/tags?post=3021"}],"curies":[{"name":"wp","href":"https:\/\/api.w.org\/{rel}","templated":true}]}}