{"id":30298,"date":"2010-07-18T19:26:28","date_gmt":"2010-07-18T23:26:28","guid":{"rendered":"http:\/\/www.redenoticia.com.br\/noticia\/?p=30298"},"modified":"2010-07-18T19:26:28","modified_gmt":"2010-07-18T23:26:28","slug":"tele-sena-dos-pais-%e2%80%93-resultado-do-primeiro-sorteio-em-1807","status":"publish","type":"post","link":"https:\/\/migracao.redenoticia.com.br\/noticia\/2010\/tele-sena-dos-pais-%e2%80%93-resultado-do-primeiro-sorteio-em-1807\/30298","title":{"rendered":"Tele Sena dos Pais \u2013 resultado do primeiro sorteio em 18\/07"},"content":{"rendered":"<p><strong><em><img loading=\"lazy\" decoding=\"async\" class=\"alignleft size-full wp-image-29649\" title=\"telesena\" src=\"https:\/\/migracao.redenoticia.com.br\/noticia\/imagens\/telesena2.jpg\" alt=\"\" width=\"300\" height=\"193\" srcset=\"https:\/\/migracao.redenoticia.com.br\/noticia\/imagens\/telesena2.jpg 300w, https:\/\/migracao.redenoticia.com.br\/noticia\/imagens\/telesena2-250x160.jpg 250w, https:\/\/migracao.redenoticia.com.br\/noticia\/imagens\/telesena2-150x96.jpg 150w\" sizes=\"auto, (max-width: 300px) 100vw, 300px\" \/>Tele Sena<\/em><\/strong> dos Pais \u2013 neste domingo (<strong><em>18\/07<\/em><\/strong>), Silvio Santos apresentou o <strong><em>resultado<\/em><\/strong> do <strong><em>primeiro sorteio<\/em><\/strong> da Tele Sena dos <strong><em>Pais<\/em><\/strong>, no SBT. A Tele Sena dos Pais traz para voc\u00ea mais uma SUPER NOVIDADE. \u00c9 que agora voc\u00ea s\u00f3 precisa de 20 pontos pra ganhar. Ao comprar a Tele Sena dos Pais voc\u00ea recebe quatro quadros de dezenas. Toda semana um desses quadros \u00e9 sorteado. Se voc\u00ea acertar 20 pontinhos em um deles leva at\u00e9 DUZENTOS MIL REAIS. O \u201cMENOS PONTOS\u201d voltou.Se em um dos quadros voc\u00ea fizer menos pontos leva at\u00e9 CEM MIL REAIS. Al\u00e9m de todas essas chances, com o \u201cGANHE J\u00c1\u201d voc\u00ea ainda concorre a CASA, CARRO e mais de 30 MIL PR\u00caMIOS em dinheiro.<\/p>\n<p>Confira o resultado do primeiro sorteio da Tele Sena dos Pais (18\/07) \u201301\u00a0 02\u00a0 03\u00a0 04\u00a0 05\u00a0 06\u00a0 07\u00a0 08\u00a0 09\u00a0 10\u00a0 13\u00a0 15\u00a0 17\u00a0 19\u00a0 24\u00a0 25\u00a0 28\u00a0 29\u00a0 31\u00a0 32\u00a0 33\u00a0 34\u00a0 35\u00a0 36.<\/p>\n<p>20 Pontos: Total de ganhadores 6; Pr\u00eamio por ganhador R$ 33.333,34.<\/p>\n<p>Menos Pontos: N\u00famero de pontos 7; Total de ganhadores 159; Pr\u00eamio por ganhador R$ 628,94.<\/p>\n<p>O t\u00edtulo de capitaliza\u00e7\u00e3o Tele Sena poder\u00e1 ser resgatado ap\u00f3s 12 meses (conforme a data prevista na Tele Sena no campo \u201cATEN\u00c7\u00c3O\u201d, impresso na parte externa do t\u00edtulo), bastando apresent\u00e1-lo em Casas Lot\u00e9ricas ou Ag\u00eancias dos Correios. O resgate corresponder\u00e1 a 50% do valor pago, atualizado monetariamente pela taxa de remunera\u00e7\u00e3o b\u00e1sica aplicada \u00e0 poupan\u00e7a e por juros.<\/p>\n<p>Tele Sena dos Pais<\/p>\n","protected":false},"excerpt":{"rendered":"<p>Tele Sena dos Pais \u2013 neste domingo (18\/07), Silvio Santos apresentou o resultado do primeiro sorteio da Tele Sena dos Pais, no SBT. A Tele Sena dos Pais traz para voc\u00ea mais uma SUPER NOVIDADE. \u00c9 que agora voc\u00ea s\u00f3 precisa de 20 pontos pra ganhar. Ao comprar a Tele Sena dos Pais voc\u00ea recebe [&hellip;]<\/p>\n","protected":false},"author":3,"featured_media":29649,"comment_status":"open","ping_status":"open","sticky":false,"template":"","format":"standard","meta":{"tdm_status":"","tdm_grid_status":"","footnotes":""},"categories":[22,335,356],"tags":[],"class_list":{"0":"post-30298","1":"post","2":"type-post","3":"status-publish","4":"format-standard","5":"has-post-thumbnail","7":"category-brasil","8":"category-loteria","9":"category-tele-sena"},"_links":{"self":[{"href":"https:\/\/migracao.redenoticia.com.br\/noticia\/wp-json\/wp\/v2\/posts\/30298","targetHints":{"allow":["GET"]}}],"collection":[{"href":"https:\/\/migracao.redenoticia.com.br\/noticia\/wp-json\/wp\/v2\/posts"}],"about":[{"href":"https:\/\/migracao.redenoticia.com.br\/noticia\/wp-json\/wp\/v2\/types\/post"}],"author":[{"embeddable":true,"href":"https:\/\/migracao.redenoticia.com.br\/noticia\/wp-json\/wp\/v2\/users\/3"}],"replies":[{"embeddable":true,"href":"https:\/\/migracao.redenoticia.com.br\/noticia\/wp-json\/wp\/v2\/comments?post=30298"}],"version-history":[{"count":0,"href":"https:\/\/migracao.redenoticia.com.br\/noticia\/wp-json\/wp\/v2\/posts\/30298\/revisions"}],"wp:featuredmedia":[{"embeddable":true,"href":"https:\/\/migracao.redenoticia.com.br\/noticia\/wp-json\/wp\/v2\/media\/29649"}],"wp:attachment":[{"href":"https:\/\/migracao.redenoticia.com.br\/noticia\/wp-json\/wp\/v2\/media?parent=30298"}],"wp:term":[{"taxonomy":"category","embeddable":true,"href":"https:\/\/migracao.redenoticia.com.br\/noticia\/wp-json\/wp\/v2\/categories?post=30298"},{"taxonomy":"post_tag","embeddable":true,"href":"https:\/\/migracao.redenoticia.com.br\/noticia\/wp-json\/wp\/v2\/tags?post=30298"}],"curies":[{"name":"wp","href":"https:\/\/api.w.org\/{rel}","templated":true}]}}