{"id":30300,"date":"2010-07-18T19:32:51","date_gmt":"2010-07-18T23:32:51","guid":{"rendered":"http:\/\/www.redenoticia.com.br\/noticia\/?p=30300"},"modified":"2010-07-19T16:32:50","modified_gmt":"2010-07-19T20:32:50","slug":"meteorologia-%e2%80%93-previsao-do-tempo-para-segunda-feira-1907","status":"publish","type":"post","link":"https:\/\/migracao.redenoticia.com.br\/noticia\/2010\/meteorologia-%e2%80%93-previsao-do-tempo-para-segunda-feira-1907\/30300","title":{"rendered":"Meteorologia \u2013 previs\u00e3o do tempo para segunda-feira 19\/07"},"content":{"rendered":"<p><strong><em><img loading=\"lazy\" decoding=\"async\" class=\"alignleft size-full wp-image-28410\" title=\"previsao do tempo temperatura\" src=\"https:\/\/migracao.redenoticia.com.br\/noticia\/imagens\/previsao-do-tempo-temperatura.jpg\" alt=\"\" width=\"300\" height=\"193\" srcset=\"https:\/\/migracao.redenoticia.com.br\/noticia\/imagens\/previsao-do-tempo-temperatura.jpg 300w, https:\/\/migracao.redenoticia.com.br\/noticia\/imagens\/previsao-do-tempo-temperatura-250x160.jpg 250w, https:\/\/migracao.redenoticia.com.br\/noticia\/imagens\/previsao-do-tempo-temperatura-150x96.jpg 150w\" sizes=\"auto, (max-width: 300px) 100vw, 300px\" \/>Previs\u00e3o do tempo<\/em><\/strong> \u2013 a <strong><em>meteorologia<\/em><\/strong> divulgou a previs\u00e3o do tempo e <strong><em>temperatura<\/em><\/strong> para segunda-feira 19\/07 e informa que uma frente fria deixar\u00e1 o tempo com chuva pela manh\u00e3 no oeste do RS. Tamb\u00e9m provocar\u00e1 chuva ao longo do dia nas demais \u00e1reas do RS e no sul de SC. Segundo a previs\u00e3o do tempo haver\u00e1 pancadas de chuva nas demais \u00e1reas do Sul do pa\u00eds e no sul do MS. Haver\u00e1 possibilidade de pancadas de chuva no sul de SP, demais \u00e1reas do MS e sul do MT. Ainda, haver\u00e1 possibilidade de pancadas de chuva no nordeste de SP. Dados da previs\u00e3o do tempo indicam que o tempo ficar\u00e1 inst\u00e1vel na faixa leste entre o litoral nordeste do RJ e o RN. No norte do pa\u00eds nuvens carregadas provocam pancadas de chuva. A previs\u00e3o do tempo destaca que o sol aparecer\u00e1 entre poucas nuvens no restante do pa\u00eds. As temperaturas estar\u00e3o baixas no sul do pa\u00eds.<\/p>\n<p>Regi\u00e3o Centro-Oeste \u2013 previs\u00e3o do tempo em 19\/07\/2010: No centro-sul de MT: muitas nuvens e pancadas de chuva. No sul de MT e norte de MS: sol entre nuvens e possibilidade de pancadas de chuva. Nas demais \u00e1reas: sol e poucas nuvens. As temperaturas estar\u00e3o em eleva\u00e7\u00e3o no norte da Regi\u00e3o. Temperatura m\u00e1xima: 33C no norte de MT. Temperatura m\u00ednima: 10C no sudoeste de MS. As temperaturas estar\u00e3o est\u00e1veis.<\/p>\n<p>Regi\u00e3o Nordeste \u2013 previs\u00e3o do tempo em 19\/07\/2010: Na faixa litor\u00e2nea do sul da BA ao RN: tempo inst\u00e1vel com chuva a qualquer hora. No leste da BA: muitas nuvens e chuvas isoladas. No norte da Regi\u00e3o: sol entre nuvens e pancadas de chuva. Nas demais \u00e1reas: sol e poucas nuvens. As temperaturas estar\u00e3o est\u00e1veis.<\/p>\n<p>Regi\u00e3o Norte \u2013 previs\u00e3o do tempo em 19\/07\/2010: No AC, em RO, em TO, no sul do PA: predom\u00ednio de Sol Nas demais \u00e1reas: pancadas de chuva. As temperaturas estar\u00e3o est\u00e1veis. Temperatura m\u00e1xima ser\u00e1 de 35C no oeste do PA. Temperatura m\u00ednima de 18C no leste do PA.<\/p>\n<p>Regi\u00e3o Sudeste \u2013 previs\u00e3o do tempo em 19\/07\/2010: No sul e oeste de SP e sul de MG: sol entre nuvens e possibilidade de pancadas de chuva. Do litoral do norte do RJ ao ES: tempo inst\u00e1vel com chuva a qualquer hora. Nas demais \u00e1reas do ES, do RJ e centro-leste de MG: muitas nuvens e chuvas isoladas. Nas demais \u00e1reas: sol com nebulosidade vari\u00e1vel. As temperaturas estar\u00e3o em pequena eleva\u00e7\u00e3o em SP. Temperatura m\u00e1xima: 30C no norte de MG. Temperatura m\u00ednima: 8C na serra da Mantiqueira.<\/p>\n<p>Regi\u00e3o Sul \u2013 previs\u00e3o do tempo em 19\/07\/2010: No RS: muitas nuvens e chuva. Nas demais \u00e1rea: mutias nuvens com pancadas de chuva. No litoral o tempo ficara ventoso. As temperaturas estar\u00e3o baixas. Temperatura m\u00e1xima: 16C no PR. Temperatura m\u00ednima: 06C na serra.<\/p>\n<p>Previs\u00e3o do tempo e temperatura CPTEC<\/p>\n","protected":false},"excerpt":{"rendered":"<p>Previs\u00e3o do tempo \u2013 a meteorologia divulgou a previs\u00e3o do tempo e temperatura para segunda-feira 19\/07 e informa que uma frente fria deixar\u00e1 o tempo com chuva pela manh\u00e3 no oeste do RS. Tamb\u00e9m provocar\u00e1 chuva ao longo do dia nas demais \u00e1reas do RS e no sul de SC. Segundo a previs\u00e3o do tempo [&hellip;]<\/p>\n","protected":false},"author":3,"featured_media":28410,"comment_status":"open","ping_status":"open","sticky":false,"template":"","format":"standard","meta":{"tdm_status":"","tdm_grid_status":"","footnotes":""},"categories":[22,327],"tags":[],"class_list":{"0":"post-30300","1":"post","2":"type-post","3":"status-publish","4":"format-standard","5":"has-post-thumbnail","7":"category-brasil","8":"category-clima"},"_links":{"self":[{"href":"https:\/\/migracao.redenoticia.com.br\/noticia\/wp-json\/wp\/v2\/posts\/30300","targetHints":{"allow":["GET"]}}],"collection":[{"href":"https:\/\/migracao.redenoticia.com.br\/noticia\/wp-json\/wp\/v2\/posts"}],"about":[{"href":"https:\/\/migracao.redenoticia.com.br\/noticia\/wp-json\/wp\/v2\/types\/post"}],"author":[{"embeddable":true,"href":"https:\/\/migracao.redenoticia.com.br\/noticia\/wp-json\/wp\/v2\/users\/3"}],"replies":[{"embeddable":true,"href":"https:\/\/migracao.redenoticia.com.br\/noticia\/wp-json\/wp\/v2\/comments?post=30300"}],"version-history":[{"count":0,"href":"https:\/\/migracao.redenoticia.com.br\/noticia\/wp-json\/wp\/v2\/posts\/30300\/revisions"}],"wp:featuredmedia":[{"embeddable":true,"href":"https:\/\/migracao.redenoticia.com.br\/noticia\/wp-json\/wp\/v2\/media\/28410"}],"wp:attachment":[{"href":"https:\/\/migracao.redenoticia.com.br\/noticia\/wp-json\/wp\/v2\/media?parent=30300"}],"wp:term":[{"taxonomy":"category","embeddable":true,"href":"https:\/\/migracao.redenoticia.com.br\/noticia\/wp-json\/wp\/v2\/categories?post=30300"},{"taxonomy":"post_tag","embeddable":true,"href":"https:\/\/migracao.redenoticia.com.br\/noticia\/wp-json\/wp\/v2\/tags?post=30300"}],"curies":[{"name":"wp","href":"https:\/\/api.w.org\/{rel}","templated":true}]}}