{"id":30302,"date":"2010-07-19T16:47:30","date_gmt":"2010-07-19T20:47:30","guid":{"rendered":"http:\/\/www.redenoticia.com.br\/noticia\/?p=30302"},"modified":"2010-07-19T16:47:30","modified_gmt":"2010-07-19T20:47:30","slug":"seminario-discute-sustentabilidade-do-regime-de-previdencia","status":"publish","type":"post","link":"https:\/\/migracao.redenoticia.com.br\/noticia\/2010\/seminario-discute-sustentabilidade-do-regime-de-previdencia\/30302","title":{"rendered":"Semin\u00e1rio discute sustentabilidade do regime de previd\u00eancia"},"content":{"rendered":"<p><strong><em>Previd\u00eancia Complementar<\/em><\/strong>: \u2013 A import\u00e2ncia da Previd\u00eancia Complementar para a sustentabilidade do Regime de Previd\u00eancia dos Servidores P\u00fablicos foi o objetivo que reuniu o ministro da Previd\u00eancia Social, Carlos Eduardo Gabas, o secret\u00e1rio de Pol\u00edticas de Previd\u00eancia Social (SPS), Fernando Rodrigues, e v\u00e1rios especialistas no tema no semin\u00e1rio \u201cPrevid\u00eancia Complementar sob a \u00f3tica legal e de gest\u00e3o\u201d, no Tribunal de Contas do Munic\u00edpio de S\u00e3o Paulo, na manh\u00e3 desta segunda-feira (19).<\/p>\n<p>O ministro lembrou que o objetivo de discutir a situa\u00e7\u00e3o dos institutos de Previd\u00eancia dos Servidores P\u00fablicos deve ser t\u00e3o din\u00e2mico quanto \u00e9 a sociedade. \u201cTemos de aproveitar esse momento de b\u00f4nus demogr\u00e1fico para discutir a Previd\u00eancia\u201d, completou. Ele considera necess\u00e1rio regulamentar a Emenda 41, que estabelece o teto para o funcionalismo, sabendo-se que este n\u00e3o \u00e9 um debate f\u00e1cil entre os servidores. \u201cEstabelecer o teto n\u00e3o \u00e9 ruim, na medida em que se crie o Fundo de Previd\u00eancia Complementar dos servidores, que \u00e9 uma poupan\u00e7a administrada pelos interessados, afirma o ministro.<\/p>\n<p>Para o secret\u00e1rio de Pol\u00edticas de Previd\u00eancia Social (SPS), Fernando Rodrigues, o debate necessita ser de solidariedade e mutualismo. \u201cA proposta de S\u00e3o Paulo nesta discuss\u00e3o est\u00e1 na vanguarda entre os demais estados brasileiros\u201d, elogia. O secret\u00e1rio considera um desafio para o pr\u00f3ximo governo discutir a Previd\u00eancia Complementar com os servidores.<\/p>\n<p>O prefeito de S\u00e3o Paulo, Gilberto Kassab, tamb\u00e9m compartilha dessa opini\u00e3o. Para ele, esta \u00e9 uma discuss\u00e3o fundamental para os antigos, os atuais e os futuros servidores. \u201c\u00c9 preciso preservar direitos e criar condi\u00e7\u00f5es de equil\u00edbrio nesta \u00e1rea\u201d, disse.<\/p>\n<p>Durante o debate, o presidente da S\u00e3o Paulo Previd\u00eancia, Carlos Henrique Flory, apresentou a situa\u00e7\u00e3o da entidade e mostrou que se n\u00e3o forem tomadas provid\u00eancias o desequil\u00edbrio ser\u00e1 cada vez maior. Atualmente s\u00e3o 563 mil servidores na ativa para 480 mil aposentados e pensionistas no servi\u00e7o p\u00fablico do Estado de S\u00e3o Paulo.<\/p>\n<p>O superintendente do Instituto de Previd\u00eancia Municipal de S\u00e3o Paulo (Iprem), Jos\u00e9 Roberto Savoia, disse que vai levar ao Conselho Nacional dos Dirigentes de Regimes Pr\u00f3prios de Previd\u00eancia Social (Conaprev) uma proposta para aprofundar uma discuss\u00e3o sobre pens\u00f5es, um dos temas da apresenta\u00e7\u00e3o do ex-ministro da Previd\u00eancia Social, Jos\u00e9 Cechin.<\/p>\n<p>O presidente do Instituto Nacional do Seguro Social (INSS), Valdir Sim\u00e3o, acompanhou o debate.<\/p>\n<p>INSS ACS\/MPS<\/p>\n","protected":false},"excerpt":{"rendered":"<p>Previd\u00eancia Complementar: \u2013 A import\u00e2ncia da Previd\u00eancia Complementar para a sustentabilidade do Regime de Previd\u00eancia dos Servidores P\u00fablicos foi o objetivo que reuniu o ministro da Previd\u00eancia Social, Carlos Eduardo Gabas, o secret\u00e1rio de Pol\u00edticas de Previd\u00eancia Social (SPS), Fernando Rodrigues, e v\u00e1rios especialistas no tema no semin\u00e1rio \u201cPrevid\u00eancia Complementar sob a \u00f3tica legal e [&hellip;]<\/p>\n","protected":false},"author":3,"featured_media":0,"comment_status":"open","ping_status":"open","sticky":false,"template":"","format":"standard","meta":{"tdm_status":"","tdm_grid_status":"","footnotes":""},"categories":[22,7],"tags":[],"class_list":{"0":"post-30302","1":"post","2":"type-post","3":"status-publish","4":"format-standard","6":"category-brasil","7":"category-economia"},"_links":{"self":[{"href":"https:\/\/migracao.redenoticia.com.br\/noticia\/wp-json\/wp\/v2\/posts\/30302","targetHints":{"allow":["GET"]}}],"collection":[{"href":"https:\/\/migracao.redenoticia.com.br\/noticia\/wp-json\/wp\/v2\/posts"}],"about":[{"href":"https:\/\/migracao.redenoticia.com.br\/noticia\/wp-json\/wp\/v2\/types\/post"}],"author":[{"embeddable":true,"href":"https:\/\/migracao.redenoticia.com.br\/noticia\/wp-json\/wp\/v2\/users\/3"}],"replies":[{"embeddable":true,"href":"https:\/\/migracao.redenoticia.com.br\/noticia\/wp-json\/wp\/v2\/comments?post=30302"}],"version-history":[{"count":0,"href":"https:\/\/migracao.redenoticia.com.br\/noticia\/wp-json\/wp\/v2\/posts\/30302\/revisions"}],"wp:attachment":[{"href":"https:\/\/migracao.redenoticia.com.br\/noticia\/wp-json\/wp\/v2\/media?parent=30302"}],"wp:term":[{"taxonomy":"category","embeddable":true,"href":"https:\/\/migracao.redenoticia.com.br\/noticia\/wp-json\/wp\/v2\/categories?post=30302"},{"taxonomy":"post_tag","embeddable":true,"href":"https:\/\/migracao.redenoticia.com.br\/noticia\/wp-json\/wp\/v2\/tags?post=30302"}],"curies":[{"name":"wp","href":"https:\/\/api.w.org\/{rel}","templated":true}]}}