{"id":30304,"date":"2010-07-19T16:52:02","date_gmt":"2010-07-19T20:52:02","guid":{"rendered":"http:\/\/www.redenoticia.com.br\/noticia\/?p=30304"},"modified":"2010-07-19T16:52:22","modified_gmt":"2010-07-19T20:52:22","slug":"resultados-da-media-enem-2009-por-escola","status":"publish","type":"post","link":"https:\/\/migracao.redenoticia.com.br\/noticia\/2010\/resultados-da-media-enem-2009-por-escola\/30304","title":{"rendered":"Resultados da m\u00e9dia Enem 2009 por escola"},"content":{"rendered":"<p><strong><em><img loading=\"lazy\" decoding=\"async\" class=\"alignleft size-full wp-image-22504\" title=\"enem inscricao\" src=\"https:\/\/migracao.redenoticia.com.br\/noticia\/imagens\/enem-inscricao.jpg\" alt=\"\" width=\"300\" height=\"193\" srcset=\"https:\/\/migracao.redenoticia.com.br\/noticia\/imagens\/enem-inscricao.jpg 300w, https:\/\/migracao.redenoticia.com.br\/noticia\/imagens\/enem-inscricao-250x160.jpg 250w, https:\/\/migracao.redenoticia.com.br\/noticia\/imagens\/enem-inscricao-150x96.jpg 150w\" sizes=\"auto, (max-width: 300px) 100vw, 300px\" \/>Enem 2009 por escola<\/em><\/strong> &#8211; est\u00e3o liberadas para consulta pela internet o <strong><em>resultado<\/em><\/strong> das m\u00e9dias obtidas pelos participantes do Exame Nacional do Ensino M\u00e9dio (Enem) de 2009, por escola. Quase 2,6 milh\u00f5es de estudantes fizeram as provas. Tiveram as m\u00e9dias divulgadas as unidades de ensino com mais de dez alunos.\u00a0<\/p>\n<p>Os resultados s\u00e3o calculados a partir do desempenho dos alunos concluintes. \u00c9 poss\u00edvel verificar as m\u00e9dias de todas as escolas do Brasil por modalidade de ensino, com resultados apresentados para o ensino m\u00e9dio regular, para a educa\u00e7\u00e3o de jovens e adultos e para as duas etapas em conjunto. S\u00e3o divulgadas as m\u00e9dias separadas das quatro \u00e1reas objetivas avaliadas no exame, a da reda\u00e7\u00e3o, a das provas objetivas e a geral \u2014 prova objetiva mais reda\u00e7\u00e3o.<\/p>\n<p>O n\u00famero de escolas de ensino m\u00e9dio regular com alunos que participaram do Enem aumentou de 24.253 em 2008 para 25.484 em 2009. Dentre as 27.306 escolas constantes do censo escolar de 2009 que oferecem o ensino m\u00e9dio regular, 93% tiveram a participa\u00e7\u00e3o de alunos concluintes no exame. A varia\u00e7\u00e3o mais significativa ocorreu no n\u00famero de escolas que oferecem apenas a modalidade de educa\u00e7\u00e3o de jovens e adultos \u2014 apresentaram aumento de 16% em rela\u00e7\u00e3o a 2008.<\/p>\n<p>Organizado pelo Instituto Nacional de Estudos e Pesquisas Educacionais (Inep), o Enem de 2009 foi aplicado em 5 e 6 de dezembro. Foram avaliadas as \u00e1reas de conhecimento de ci\u00eancias da natureza e suas tecnologias, ci\u00eancias humanas e suas tecnologias, linguagens, c\u00f3digos e suas tecnologias e matem\u00e1tica e suas tecnologias, al\u00e9m da reda\u00e7\u00e3o. A divulga\u00e7\u00e3o das m\u00e9dias do exame \u00e9 elemento de mobiliza\u00e7\u00e3o em favor da melhoria da qualidade do ensino. A iniciativa auxilia professores, diretores e demais dirigentes educacionais na reflex\u00e3o sobre problemas e solu\u00e7\u00f5es no \u00e2mbito da escola, a partir da avalia\u00e7\u00e3o do desempenho dos alunos em cada \u00e1rea de conhecimento.<\/p>\n<p>Assessoria de Imprensa do Inep<\/p>\n<p>Confira os <a href=\"http:\/\/portal.mec.gov.br\/index.php?option=com_docman&amp;task=doc_download&amp;gid=6099&amp;Itemid=\" target=\"_blank\">resultados por escola<\/a><\/p>\n<p>Confira a <a href=\"http:\/\/portal.mec.gov.br\/index.php?option=com_docman&amp;task=doc_download&amp;gid=6100&amp;Itemid=\" target=\"_blank\">nota t\u00e9cnica<\/a> do Inep<\/p>\n","protected":false},"excerpt":{"rendered":"<p>Enem 2009 por escola &#8211; est\u00e3o liberadas para consulta pela internet o resultado das m\u00e9dias obtidas pelos participantes do Exame Nacional do Ensino M\u00e9dio (Enem) de 2009, por escola. Quase 2,6 milh\u00f5es de estudantes fizeram as provas. Tiveram as m\u00e9dias divulgadas as unidades de ensino com mais de dez alunos.\u00a0 Os resultados s\u00e3o calculados a [&hellip;]<\/p>\n","protected":false},"author":3,"featured_media":22504,"comment_status":"open","ping_status":"open","sticky":false,"template":"","format":"standard","meta":{"tdm_status":"","tdm_grid_status":"","footnotes":""},"categories":[22,370,295],"tags":[],"class_list":{"0":"post-30304","1":"post","2":"type-post","3":"status-publish","4":"format-standard","5":"has-post-thumbnail","7":"category-brasil","8":"category-inscricao","9":"category-vestibular"},"_links":{"self":[{"href":"https:\/\/migracao.redenoticia.com.br\/noticia\/wp-json\/wp\/v2\/posts\/30304","targetHints":{"allow":["GET"]}}],"collection":[{"href":"https:\/\/migracao.redenoticia.com.br\/noticia\/wp-json\/wp\/v2\/posts"}],"about":[{"href":"https:\/\/migracao.redenoticia.com.br\/noticia\/wp-json\/wp\/v2\/types\/post"}],"author":[{"embeddable":true,"href":"https:\/\/migracao.redenoticia.com.br\/noticia\/wp-json\/wp\/v2\/users\/3"}],"replies":[{"embeddable":true,"href":"https:\/\/migracao.redenoticia.com.br\/noticia\/wp-json\/wp\/v2\/comments?post=30304"}],"version-history":[{"count":0,"href":"https:\/\/migracao.redenoticia.com.br\/noticia\/wp-json\/wp\/v2\/posts\/30304\/revisions"}],"wp:featuredmedia":[{"embeddable":true,"href":"https:\/\/migracao.redenoticia.com.br\/noticia\/wp-json\/wp\/v2\/media\/22504"}],"wp:attachment":[{"href":"https:\/\/migracao.redenoticia.com.br\/noticia\/wp-json\/wp\/v2\/media?parent=30304"}],"wp:term":[{"taxonomy":"category","embeddable":true,"href":"https:\/\/migracao.redenoticia.com.br\/noticia\/wp-json\/wp\/v2\/categories?post=30304"},{"taxonomy":"post_tag","embeddable":true,"href":"https:\/\/migracao.redenoticia.com.br\/noticia\/wp-json\/wp\/v2\/tags?post=30304"}],"curies":[{"name":"wp","href":"https:\/\/api.w.org\/{rel}","templated":true}]}}