{"id":30313,"date":"2010-07-19T17:15:04","date_gmt":"2010-07-19T21:15:04","guid":{"rendered":"http:\/\/www.redenoticia.com.br\/noticia\/?p=30313"},"modified":"2010-07-19T17:15:04","modified_gmt":"2010-07-19T21:15:04","slug":"instalacao-de-285-novas-salas-nao-comerciais-de-cinema","status":"publish","type":"post","link":"https:\/\/migracao.redenoticia.com.br\/noticia\/2010\/instalacao-de-285-novas-salas-nao-comerciais-de-cinema\/30313","title":{"rendered":"Instala\u00e7\u00e3o de 285 novas salas n\u00e3o-comerciais de cinema"},"content":{"rendered":"<p>O Minist\u00e9rio da Cultura (MInC) vai implantar, por meio de <strong><em>sele\u00e7\u00e3o p\u00fablica<\/em><\/strong>,  285 salas n\u00e3o-comerciais de exibi\u00e7\u00e3o de filmes. Esses <strong><em>editais <\/em><\/strong>est\u00e3o abertos  atualmente em cinco estados (Maranh\u00e3o, Para\u00edba, Piau\u00ed, Sergipe e Bahia) e em  nove munic\u00edpios. Ao todo, s\u00e3o mais de R$ 4,2 milh\u00f5es investidos pelo MinC em  parceria com os governos estaduais e municipais.<\/p>\n<p>O Cine Mais Cultura \u00e9 uma das a\u00e7\u00f5es que fazem parte do Programa Mais Cultura  e apoia a implanta\u00e7\u00e3o de salas gratuitas de exibi\u00e7\u00e3o audiovisual em todo pa\u00eds.  As comunidades de periferias dos centros urbanos, pequenos munic\u00edpios e \u00e1reas  rurais que disp\u00f5em de poucos ou de nenhum equipamento cultural, s\u00e3o os maiores  favorecidos. O objetivo \u00e9 promover o acesso ao cinema e estimular a difus\u00e3o da  cinematografia nacional.<\/p>\n<p>Os projetos selecionados recebem equipamentos de proje\u00e7\u00e3o digital e centenas  de t\u00edtulos (curtas, m\u00e9dias e longas metragens, document\u00e1rios e anima\u00e7\u00f5es) do  cat\u00e1logo da Programadora Brasil, al\u00e9m de oficinas de capacita\u00e7\u00e3o cineclubista.  Os interessados disponibilizam o local onde ser\u00e3o instalados os equipamentos,  planejam a programa\u00e7\u00e3o e promovem debates em torno dos filmes exibidos.<\/p>\n<p>Quem pode concorrer \u2013 Qualquer entidade privada sem fins lucrativos pode  concorrer aos editais estaduais e municipais do Cine Mais Cultura, desde que  localizadas nos munic\u00edpios onde ser\u00e3o realizadas as sess\u00f5es. S\u00e3o as associa\u00e7\u00f5es  de moradores, ONGs, bibliotecas comunit\u00e1rias, Pontos de Cultura, cineclubes,  escolas, cooperativas, sindicatos, condom\u00ednios e todos que queiram ou j\u00e1  desenvolvam a\u00e7\u00f5es de exibi\u00e7\u00f5es de obras audiovisuais e de forma\u00e7\u00e3o de  p\u00fablico.<\/p>\n<p>Confira no quadro os editais de Cines Mais Cultura abertos e os prazos de  inscri\u00e7\u00f5es:<\/p>\n<p>Estado\/ Munic\u00edpio\u00a0\u00a0\u00a0\u00a0\u00a0\u00a0\u00a0\u00a0\u00a0\u00a0\u00a0\u00a0\u00a0\u00a0\u00a0\u00a0\u00a0\u00a0\u00a0\u00a0\u00a0\u00a0\u00a0\u00a0\u00a0\u00a0 UF\u00a0\u00a0\u00a0\u00a0 Quantidade\u00a0\u00a0\u00a0 Prazo final  do edital\u00a0\u00a0<br \/>\nGoverno Estadual da Bahia\u00a0\u00a0\u00a0\u00a0\u00a0\u00a0\u00a0\u00a0 BA\u00a0\u00a0\u00a0\u00a0\u00a0\u00a0 60\u00a0\u00a0\u00a0\u00a0\u00a0\u00a0\u00a0\u00a0\u00a0\u00a0\u00a0\u00a0\u00a0\u00a0\u00a0\u00a0\u00a0  At\u00e9 23 de julho<br \/>\nGoverno Estadual de Sergipe\u00a0\u00a0\u00a0\u00a0\u00a0 SE\u00a0\u00a0\u00a0\u00a0\u00a0\u00a0 24\u00a0\u00a0\u00a0\u00a0\u00a0\u00a0\u00a0\u00a0\u00a0\u00a0\u00a0\u00a0\u00a0\u00a0\u00a0\u00a0\u00a0  At\u00e9 23 de agosto<br \/>\nPrefeitura Municipal de Fortaleza CE\u00a0\u00a0\u00a0\u00a0\u00a0  30\u00a0\u00a0\u00a0\u00a0\u00a0\u00a0\u00a0\u00a0\u00a0\u00a0\u00a0\u00a0\u00a0\u00a0\u00a0\u00a0\u00a0\u00a0 At\u00e9 14 de agosto<br \/>\nPrefeitura Municipal de Nil\u00f3polis\u00a0\u00a0  RJ\u00a0\u00a0\u00a0\u00a0\u00a0\u00a0 06\u00a0\u00a0\u00a0\u00a0\u00a0\u00a0\u00a0\u00a0\u00a0\u00a0\u00a0\u00a0\u00a0\u00a0\u00a0\u00a0\u00a0\u00a0At\u00e9 30 de agosto<br \/>\nPrefeitura Municipal de Lauro  de Freitas BA\u00a0\u00a0\u00a0\u00a0 05\u00a0\u00a0\u00a0\u00a0\u00a0\u00a0\u00a0\u00a0At\u00e9 16 de agosto<br \/>\nPrefeitura Municipal de S\u00e3o  Leopoldo\u00a0\u00a0 RS\u00a0\u00a0\u00a0\u00a0 06\u00a0\u00a0\u00a0\u00a0\u00a0\u00a0\u00a0\u00a0\u00a0\u00a0 At\u00e9 14 de agosto<br \/>\nPrefeitura Municipal de  Parob\u00e9\u00a0\u00a0\u00a0\u00a0RS\u00a0\u00a0\u00a0\u00a0\u00a0 03\u00a0\u00a0\u00a0\u00a0\u00a0\u00a0\u00a0\u00a0\u00a0\u00a0\u00a0\u00a0\u00a0\u00a0\u00a0\u00a0\u00a0\u00a0 At\u00e9 16 de agosto<br \/>\nPrefeitura Municipal  de Taquara\u00a0\u00a0 RS\u00a0\u00a0\u00a0 03\u00a0\u00a0\u00a0\u00a0\u00a0\u00a0\u00a0\u00a0\u00a0\u00a0\u00a0\u00a0\u00a0\u00a0\u00a0\u00a0\u00a0\u00a0 At\u00e9 16 de agosto<\/p>\n<p>Prefeitura  Municipal de Cap\u00e3o da Canoa\u00a0\u00a0\u00a0\u00a0\u00a0\u00a0 RS\u00a0\u00a0\u00a0 10\u00a0\u00a0\u00a0\u00a0\u00a0\u00a0 At\u00e9 16 de agosto<br \/>\nPrefeitura  Municipal de Bento Gon\u00e7alves\u00a0\u00a0\u00a0\u00a0\u00a0\u00a0 RS\u00a0\u00a0\u00a0 08\u00a0\u00a0\u00a0\u00a0\u00a0 At\u00e9 16 de agosto<br \/>\nPrefeitura  Municipal de Jo\u00e3o Pessoa\u00a0\u00a0\u00a0\u00a0\u00a0\u00a0\u00a0\u00a0\u00a0\u00a0\u00a0\u00a0\u00a0\u00a0\u00a0 PB 15\u00a0\u00a0\u00a0\u00a0\u00a0 At\u00e9 16 de agosto<br \/>\nGoverno  Estadual do Piau\u00ed\u00a0\u00a0\u00a0\u00a0\u00a0\u00a0\u00a0\u00a0 PI\u00a0\u00a0\u00a0\u00a0\u00a0\u00a0\u00a0 60\u00a0\u00a0\u00a0\u00a0\u00a0\u00a0\u00a0\u00a0\u00a0\u00a0 At\u00e9 18 de agosto<br \/>\nGoverno  Estadual da Para\u00edba\u00a0\u00a0\u00a0\u00a0\u00a0\u00a0\u00a0 PB\u00a0\u00a0 40\u00a0\u00a0\u00a0\u00a0\u00a0\u00a0\u00a0\u00a0\u00a0At\u00e9 3 de setembro<br \/>\nGoverno Estadual  do Maranh\u00e3o\u00a0\u00a0\u00a0\u00a0\u00a0 MA\u00a0 15 At\u00e9 13 de setembro<\/p>\n","protected":false},"excerpt":{"rendered":"<p>O Minist\u00e9rio da Cultura (MInC) vai implantar, por meio de sele\u00e7\u00e3o p\u00fablica, 285 salas n\u00e3o-comerciais de exibi\u00e7\u00e3o de filmes. Esses editais est\u00e3o abertos atualmente em cinco estados (Maranh\u00e3o, Para\u00edba, Piau\u00ed, Sergipe e Bahia) e em nove munic\u00edpios. Ao todo, s\u00e3o mais de R$ 4,2 milh\u00f5es investidos pelo MinC em parceria com os governos estaduais e [&hellip;]<\/p>\n","protected":false},"author":3,"featured_media":0,"comment_status":"open","ping_status":"open","sticky":false,"template":"","format":"standard","meta":{"tdm_status":"","tdm_grid_status":"","footnotes":""},"categories":[22],"tags":[],"class_list":{"0":"post-30313","1":"post","2":"type-post","3":"status-publish","4":"format-standard","6":"category-brasil"},"_links":{"self":[{"href":"https:\/\/migracao.redenoticia.com.br\/noticia\/wp-json\/wp\/v2\/posts\/30313","targetHints":{"allow":["GET"]}}],"collection":[{"href":"https:\/\/migracao.redenoticia.com.br\/noticia\/wp-json\/wp\/v2\/posts"}],"about":[{"href":"https:\/\/migracao.redenoticia.com.br\/noticia\/wp-json\/wp\/v2\/types\/post"}],"author":[{"embeddable":true,"href":"https:\/\/migracao.redenoticia.com.br\/noticia\/wp-json\/wp\/v2\/users\/3"}],"replies":[{"embeddable":true,"href":"https:\/\/migracao.redenoticia.com.br\/noticia\/wp-json\/wp\/v2\/comments?post=30313"}],"version-history":[{"count":0,"href":"https:\/\/migracao.redenoticia.com.br\/noticia\/wp-json\/wp\/v2\/posts\/30313\/revisions"}],"wp:attachment":[{"href":"https:\/\/migracao.redenoticia.com.br\/noticia\/wp-json\/wp\/v2\/media?parent=30313"}],"wp:term":[{"taxonomy":"category","embeddable":true,"href":"https:\/\/migracao.redenoticia.com.br\/noticia\/wp-json\/wp\/v2\/categories?post=30313"},{"taxonomy":"post_tag","embeddable":true,"href":"https:\/\/migracao.redenoticia.com.br\/noticia\/wp-json\/wp\/v2\/tags?post=30313"}],"curies":[{"name":"wp","href":"https:\/\/api.w.org\/{rel}","templated":true}]}}