{"id":3041,"date":"2009-06-17T11:04:30","date_gmt":"2009-06-17T15:04:30","guid":{"rendered":"http:\/\/www.redenoticia.com.br\/noticia\/?p=3041"},"modified":"2009-06-17T19:43:36","modified_gmt":"2009-06-17T23:43:36","slug":"votacao-da-pec-dos-vereadores-fica-para-esta-quarta-feira","status":"publish","type":"post","link":"https:\/\/migracao.redenoticia.com.br\/noticia\/2009\/votacao-da-pec-dos-vereadores-fica-para-esta-quarta-feira\/3041","title":{"rendered":"Vota\u00e7\u00e3o da PEC dos Vereadores fica para esta quarta-feira"},"content":{"rendered":"<p>Os l\u00edderes partid\u00e1rios decidiram deixar para esta quarta-feira (17) a vota\u00e7\u00e3o da proposta de emenda \u00e0 Constitui\u00e7\u00e3o (<a href=\"http:\/\/www.senado.gov.br\/sf\/atividade\/materia\/detalhes.asp?p_cod_mate=88892\" target=\"_blank\">PEC 47\/08<\/a>) que define <a href=\"http:\/\/www.senado.gov.br\/comunica\/agencia\/infos\/pec_vereadores.swf\" target=\"_blank\">limites para os gastos das C\u00e2maras Municipais<\/a>. A mat\u00e9ria dever\u00e1 ser o primeiro item da pauta de vota\u00e7\u00f5es da ordem do dia, que dever\u00e1 come\u00e7ar \u00e1s 15h.<\/p>\n<p>A decis\u00e3o foi tomada ap\u00f3s ter sido verificada, na vota\u00e7\u00e3o nominal de uma indica\u00e7\u00e3o de autoridade, a presen\u00e7a de apenas 52 senadores em Plen\u00e1rio &#8211; para aprovar uma PEC s\u00e3o necess\u00e1rios 49 votos favor\u00e1veis.<\/p>\n<p>De autoria do senador C\u00e9sar Borges (PR-BA), a mat\u00e9ria, aprovada sob a forma de emenda substitutiva, foi relatada na Comiss\u00e3o de Constitui\u00e7\u00e3o, Justi\u00e7a e Cidadania (CCJ) pelo senador Valter Pereira (PMDB-MS). O texto final \u00e9 resultado da an\u00e1lise de duas emendas apresentadas em Plen\u00e1rio durante a discuss\u00e3o da proposta.<\/p>\n<p>A chamada &#8220;PEC Paralela dos Vereadores&#8221; tem longo trajeto no Congresso. Foi primeiramente votada pela C\u00e2mara como <a href=\"http:\/\/www.senado.gov.br\/sf\/atividade\/materia\/detalhes.asp?p_cod_mate=85587\" target=\"_blank\">PEC 20\/08<\/a>, e, ao chegar ao Senado, foi modificada e desmembrada, a partir da aprova\u00e7\u00e3o de requerimento dos senadores Marco Maciel (DEM-PE) e Cesar Borges. A PEC 47\/08 \u00e9 resultado, portanto, do desmembramento de um dos artigos da PEC 20\/08 &#8211; e por isso \u00e9 conhecida como &#8220;PEC paralela&#8221;.<\/p>\n<p>A PEC 20\/08, que aumenta o n\u00famero de vereadores, tramita agora na C\u00e2mara dos Deputados, enquanto a PEC 47\/08 ficou para ser analisada no Senado. Se aprovada em dois turnos de vota\u00e7\u00e3o, a mat\u00e9ria tamb\u00e9m ser\u00e1 examinada pela C\u00e2mara.<\/p>\n<p>Da Reda\u00e7\u00e3o \/ Ag\u00eancia Senado<\/p>\n","protected":false},"excerpt":{"rendered":"<p>Os l\u00edderes partid\u00e1rios decidiram deixar para esta quarta-feira (17) a vota\u00e7\u00e3o da proposta de emenda \u00e0 Constitui\u00e7\u00e3o (PEC 47\/08) que define limites para os gastos das C\u00e2maras Municipais. A mat\u00e9ria dever\u00e1 ser o primeiro item da pauta de vota\u00e7\u00f5es da ordem do dia, que dever\u00e1 come\u00e7ar \u00e1s 15h. A decis\u00e3o foi tomada ap\u00f3s ter sido [&hellip;]<\/p>\n","protected":false},"author":3,"featured_media":0,"comment_status":"open","ping_status":"open","sticky":false,"template":"","format":"standard","meta":{"tdm_status":"","tdm_grid_status":"","footnotes":""},"categories":[22],"tags":[],"class_list":{"0":"post-3041","1":"post","2":"type-post","3":"status-publish","4":"format-standard","6":"category-brasil"},"_links":{"self":[{"href":"https:\/\/migracao.redenoticia.com.br\/noticia\/wp-json\/wp\/v2\/posts\/3041","targetHints":{"allow":["GET"]}}],"collection":[{"href":"https:\/\/migracao.redenoticia.com.br\/noticia\/wp-json\/wp\/v2\/posts"}],"about":[{"href":"https:\/\/migracao.redenoticia.com.br\/noticia\/wp-json\/wp\/v2\/types\/post"}],"author":[{"embeddable":true,"href":"https:\/\/migracao.redenoticia.com.br\/noticia\/wp-json\/wp\/v2\/users\/3"}],"replies":[{"embeddable":true,"href":"https:\/\/migracao.redenoticia.com.br\/noticia\/wp-json\/wp\/v2\/comments?post=3041"}],"version-history":[{"count":0,"href":"https:\/\/migracao.redenoticia.com.br\/noticia\/wp-json\/wp\/v2\/posts\/3041\/revisions"}],"wp:attachment":[{"href":"https:\/\/migracao.redenoticia.com.br\/noticia\/wp-json\/wp\/v2\/media?parent=3041"}],"wp:term":[{"taxonomy":"category","embeddable":true,"href":"https:\/\/migracao.redenoticia.com.br\/noticia\/wp-json\/wp\/v2\/categories?post=3041"},{"taxonomy":"post_tag","embeddable":true,"href":"https:\/\/migracao.redenoticia.com.br\/noticia\/wp-json\/wp\/v2\/tags?post=3041"}],"curies":[{"name":"wp","href":"https:\/\/api.w.org\/{rel}","templated":true}]}}