{"id":3055,"date":"2009-06-17T11:38:53","date_gmt":"2009-06-17T15:38:53","guid":{"rendered":"http:\/\/www.redenoticia.com.br\/noticia\/?p=3055"},"modified":"2009-06-17T19:29:38","modified_gmt":"2009-06-17T23:29:38","slug":"secretario-confirma-presenca-na-proxima-sessao-da-camara","status":"publish","type":"post","link":"https:\/\/migracao.redenoticia.com.br\/noticia\/2009\/secretario-confirma-presenca-na-proxima-sessao-da-camara\/3055","title":{"rendered":"Secret\u00e1rio confirma presen\u00e7a na pr\u00f3xima sess\u00e3o da c\u00e2mara"},"content":{"rendered":"<p><strong> <\/strong><\/p>\n<p>Seguran\u00e7a p\u00fablica \u00e9 responsabilidade de todos, tanto de Rond\u00f4nia quanto do Munic\u00edpio. A afirma\u00e7\u00e3o \u00e9 do secret\u00e1rio de seguran\u00e7a, Evil\u00e1sio Silva Sena J\u00fanior, que, na pr\u00f3xima segunda-feira (22), ser\u00e1 um dos debatedores durante a sess\u00e3o ordin\u00e1ria sobre seguran\u00e7a p\u00fablica na C\u00e2mara Municipal de Porto Velho.<\/p>\n<p>O secret\u00e1rio foi convidado para os debates na \u00faltima ter\u00e7a-feira, quando recebeu a visita dos vereadores Jos\u00e9 Herm\u00ednio (PT) \u2013 presidente da C\u00e2mara &#8211; e Ramiro Negreiros (PMDB).<\/p>\n<p>Na reuni\u00e3o, em seu gabinete, o Secret\u00e1rio falou, aos vereadores, dos investimentos que a Secretaria de Estado da Seguran\u00e7a, Defesa e Cidadania (Sesdec) est\u00e1 fazendo para refor\u00e7ar o combate e a preven\u00e7\u00e3o ao crime.<\/p>\n<p>Dentre os pontos abordados na conversa, Evil\u00e1sio Sena destacou a queda do \u00edndice de criminalidade, de 2007 para 2008, que est\u00e1 sendo mantida neste ano. \u201cA Capital, de 3\u00aa mais violenta do Brasil, passou para 17\u00aa em 2008. Neste ano temos mantido o mesmo \u00edndice\u201d, acentuou.<\/p>\n<p><strong>Tr\u00e1fico <\/strong><\/p>\n<p><strong> <\/strong><\/p>\n<p>Com rela\u00e7\u00e3o ao narcotr\u00e1fico, o Secret\u00e1rio explicou que o Departamento de Narc\u00f3ticos (Denarc) est\u00e1 orientado a dar apoio \u00e0 Pol\u00edcia Militar, fazendo tamb\u00e9m pequenas apreens\u00f5es. \u201cO Denarc iniciou tamb\u00e9m pequenas abordagens e, em pouco tempo, fechou in\u00fameras bocas de fumo (pontos de venda de drogas), com pris\u00f5es di\u00e1rias\u201d. Para Sena, o tr\u00e1fico de drogas \u00e9 uma quest\u00e3o social que deve ser combatida em a\u00e7\u00e3o conjunta dos poderes constitu\u00eddos.<\/p>\n<p>Sena Falou ainda da luta do Governo Estadual para incluir Rond\u00f4nia no Programa Nacional de Seguran\u00e7a P\u00fablica com Cidadania (Pronasci), que trar\u00e1 investimentos para a cria\u00e7\u00e3o de programas sociais e projetos de qualifica\u00e7\u00e3o profissional. \u201cN\u00e3o entramos ainda porque o \u00edndice de viol\u00eancia no Estado foi considerado baixo\u201d, acentuou.<\/p>\n<p><strong>Fonte: <\/strong>A\/I SESDEC &#8211; Secretaria de Seguran\u00e7a<\/p>\n","protected":false},"excerpt":{"rendered":"<p>Seguran\u00e7a p\u00fablica \u00e9 responsabilidade de todos, tanto de Rond\u00f4nia quanto do Munic\u00edpio. A afirma\u00e7\u00e3o \u00e9 do secret\u00e1rio de seguran\u00e7a, Evil\u00e1sio Silva Sena J\u00fanior, que, na pr\u00f3xima segunda-feira (22), ser\u00e1 um dos debatedores durante a sess\u00e3o ordin\u00e1ria sobre seguran\u00e7a p\u00fablica na C\u00e2mara Municipal de Porto Velho. O secret\u00e1rio foi convidado para os debates na \u00faltima ter\u00e7a-feira, [&hellip;]<\/p>\n","protected":false},"author":3,"featured_media":0,"comment_status":"open","ping_status":"open","sticky":false,"template":"","format":"standard","meta":{"tdm_status":"","tdm_grid_status":"","footnotes":""},"categories":[22],"tags":[],"class_list":{"0":"post-3055","1":"post","2":"type-post","3":"status-publish","4":"format-standard","6":"category-brasil"},"_links":{"self":[{"href":"https:\/\/migracao.redenoticia.com.br\/noticia\/wp-json\/wp\/v2\/posts\/3055","targetHints":{"allow":["GET"]}}],"collection":[{"href":"https:\/\/migracao.redenoticia.com.br\/noticia\/wp-json\/wp\/v2\/posts"}],"about":[{"href":"https:\/\/migracao.redenoticia.com.br\/noticia\/wp-json\/wp\/v2\/types\/post"}],"author":[{"embeddable":true,"href":"https:\/\/migracao.redenoticia.com.br\/noticia\/wp-json\/wp\/v2\/users\/3"}],"replies":[{"embeddable":true,"href":"https:\/\/migracao.redenoticia.com.br\/noticia\/wp-json\/wp\/v2\/comments?post=3055"}],"version-history":[{"count":0,"href":"https:\/\/migracao.redenoticia.com.br\/noticia\/wp-json\/wp\/v2\/posts\/3055\/revisions"}],"wp:attachment":[{"href":"https:\/\/migracao.redenoticia.com.br\/noticia\/wp-json\/wp\/v2\/media?parent=3055"}],"wp:term":[{"taxonomy":"category","embeddable":true,"href":"https:\/\/migracao.redenoticia.com.br\/noticia\/wp-json\/wp\/v2\/categories?post=3055"},{"taxonomy":"post_tag","embeddable":true,"href":"https:\/\/migracao.redenoticia.com.br\/noticia\/wp-json\/wp\/v2\/tags?post=3055"}],"curies":[{"name":"wp","href":"https:\/\/api.w.org\/{rel}","templated":true}]}}