{"id":3070,"date":"2009-06-17T13:31:12","date_gmt":"2009-06-17T17:31:12","guid":{"rendered":"http:\/\/www.redenoticia.com.br\/noticia\/?p=3070"},"modified":"2009-06-17T13:31:12","modified_gmt":"2009-06-17T17:31:12","slug":"vereador-de-ji-parana-preocupado-com-paralizacao-de-obra","status":"publish","type":"post","link":"https:\/\/migracao.redenoticia.com.br\/noticia\/2009\/vereador-de-ji-parana-preocupado-com-paralizacao-de-obra\/3070","title":{"rendered":"Vereador de Ji-Paran\u00e1 preocupado com  paraliza\u00e7\u00e3o de obra"},"content":{"rendered":"<p><span style=\"font-family: 'Times New Roman'; font-size: small;\">O vereador Marcos Rog\u00e9rio (PDT) utilizou a tribuna, durante a Sess\u00e3o Ordin\u00e1ria desta ter\u00e7a-feira, para questionar os motivos que levaram a paralisa\u00e7\u00e3o dos trabalhos de duplica\u00e7\u00e3o da ponte sobre o Rio Machado na \u00faltima semana.<\/span><\/p>\n<p><span style=\"font-family: 'Times New Roman'; font-size: small;\">Conforme, Marcos Rog\u00e9rio, a informa\u00e7\u00e3o que chegou a seu gabinete era de que a greve dos trabalhadores seria motivada pela falta de pagamento pela prefeitura.<\/span><\/p>\n<p><span style=\"font-family: 'Times New Roman'; font-size: small;\">Motivado por essas informa\u00e7\u00f5es, o vereador procurou o Poder Executivo e requereu informa\u00e7\u00f5es sobre o balan\u00e7o cont\u00e1bil, referentes aos pagamentos realizados pela Prefeitura \u00e0 empresa e comprovou que os repasses est\u00e3o sendo realizados dentro dos prazos previstos no contrato de execu\u00e7\u00e3o da Obra, n\u00e3o havendo assim, motivos para paralisa\u00e7\u00f5es. \u201cN\u00e3o encontrei raz\u00f5es para o protesto. O prefeito est\u00e1 cumprindo o contrato de forma regular\u201d disse.<\/span><\/p>\n<p><span style=\"font-family: 'Times New Roman'; font-size: small;\">Segundo os n\u00fameros apresentados pelo vereador, dos 18 milh\u00f5es que custa a obra, 12 milh\u00f5es j\u00e1 foram pagos. Sendo que o \u00faltimo repasse foi realizado no in\u00edcio do m\u00eas de junho deste ano. \u201cTenho informa\u00e7\u00f5es que a paralisa\u00e7\u00e3o foi motivada por quest\u00f5es de outras obras e n\u00e3o por motivos referentes aos repasses da obra da ponte. Ent\u00e3o, porqu\u00ea paralisar a obra da ponte e punir a popula\u00e7\u00e3o, atrasando a entrega de um beneficio t\u00e3o importante para o Estado?\u201d, questionou.<\/span><\/p>\n<p><span style=\"font-family: 'Times New Roman'; font-size: small;\">O vereador enfatizou ainda a import\u00e2ncia da obra, mas lembrou que o progresso tem exigido sacrif\u00edcios da popula\u00e7\u00e3o com tr\u00e2nsito lento e, muitas vezes, s\u00f3 em uma das pistas. Ao finalizar, pediu que a empresa tratasse a popula\u00e7\u00e3o com mais respeito e aproveitasse o per\u00edodo de estiagem de chuvas para trabalhar com mais celeridade. \u201cCada dia parado representa atraso na conclus\u00e3o dos trabalhos. A popula\u00e7\u00e3o n\u00e3o merece ser tratada assim.\u201d concluiu.<\/span><\/p>\n","protected":false},"excerpt":{"rendered":"<p>O vereador Marcos Rog\u00e9rio (PDT) utilizou a tribuna, durante a Sess\u00e3o Ordin\u00e1ria desta ter\u00e7a-feira, para questionar os motivos que levaram a paralisa\u00e7\u00e3o dos trabalhos de duplica\u00e7\u00e3o da ponte sobre o Rio Machado na \u00faltima semana. Conforme, Marcos Rog\u00e9rio, a informa\u00e7\u00e3o que chegou a seu gabinete era de que a greve dos trabalhadores seria motivada pela [&hellip;]<\/p>\n","protected":false},"author":2,"featured_media":0,"comment_status":"open","ping_status":"open","sticky":false,"template":"","format":"standard","meta":{"tdm_status":"","tdm_grid_status":"","footnotes":""},"categories":[22],"tags":[],"class_list":{"0":"post-3070","1":"post","2":"type-post","3":"status-publish","4":"format-standard","6":"category-brasil"},"_links":{"self":[{"href":"https:\/\/migracao.redenoticia.com.br\/noticia\/wp-json\/wp\/v2\/posts\/3070","targetHints":{"allow":["GET"]}}],"collection":[{"href":"https:\/\/migracao.redenoticia.com.br\/noticia\/wp-json\/wp\/v2\/posts"}],"about":[{"href":"https:\/\/migracao.redenoticia.com.br\/noticia\/wp-json\/wp\/v2\/types\/post"}],"author":[{"embeddable":true,"href":"https:\/\/migracao.redenoticia.com.br\/noticia\/wp-json\/wp\/v2\/users\/2"}],"replies":[{"embeddable":true,"href":"https:\/\/migracao.redenoticia.com.br\/noticia\/wp-json\/wp\/v2\/comments?post=3070"}],"version-history":[{"count":0,"href":"https:\/\/migracao.redenoticia.com.br\/noticia\/wp-json\/wp\/v2\/posts\/3070\/revisions"}],"wp:attachment":[{"href":"https:\/\/migracao.redenoticia.com.br\/noticia\/wp-json\/wp\/v2\/media?parent=3070"}],"wp:term":[{"taxonomy":"category","embeddable":true,"href":"https:\/\/migracao.redenoticia.com.br\/noticia\/wp-json\/wp\/v2\/categories?post=3070"},{"taxonomy":"post_tag","embeddable":true,"href":"https:\/\/migracao.redenoticia.com.br\/noticia\/wp-json\/wp\/v2\/tags?post=3070"}],"curies":[{"name":"wp","href":"https:\/\/api.w.org\/{rel}","templated":true}]}}