{"id":30754,"date":"2010-08-11T14:26:34","date_gmt":"2010-08-11T18:26:34","guid":{"rendered":"http:\/\/www.redenoticia.com.br\/noticia\/?p=30754"},"modified":"2010-08-11T14:26:34","modified_gmt":"2010-08-11T18:26:34","slug":"microsoft-realiza-tech-ed-2010-em-sao-paulo","status":"publish","type":"post","link":"https:\/\/migracao.redenoticia.com.br\/noticia\/2010\/microsoft-realiza-tech-ed-2010-em-sao-paulo\/30754","title":{"rendered":"Microsoft realiza Tech-Ed 2010 em S\u00e3o Paulo"},"content":{"rendered":"<p>A <strong><em>Microsoft <\/em><\/strong>realizar\u00e1 entre 13 e 15 de setembro, na Expo Center Norte, em S\u00e3o  Paulo, o <strong><em>Tech-Ed Brasil 2010<\/em><\/strong>. A 11\u00aa edi\u00e7\u00e3o do maior evento t\u00e9cnico da Am\u00e9rica  Latina \u00e9 direcionada para desenvolvedores e profissionais de infra estrutura de  TI. O evento deste ano ter\u00e1 como foco principal os temas de Computa\u00e7\u00e3o na Nuvem,  com destaque para os servi\u00e7os baseados na nuvem como Windows Azure, SQL Azure,  BPOS, Windows Live, entre outros, e Interoperabilidade, pela primeira vez com  uma trilha de palestras dedicadas ao assunto. A expectativa da companhia \u00e9  receber um p\u00fablico de mais de 1.700 profissionais que ter\u00e3o a oportunidade de  participar de 191 palestras, conduzidas por 153 palestrantes nacionais e  internacionais.<\/p>\n<p>\u201cQueremos oferecer uma experi\u00eancia \u00fanica para o p\u00fablico que ter\u00e1 oportunidade  de conhecer as inova\u00e7\u00f5es das \u00faltimas vers\u00f5es dos nossos produtos e conversar  pessoalmente com funcion\u00e1rios da Microsoft e especialistas do mercado\u201d, destaca  Paulo Iudicibus, diretor de Novas Tecnologias e Inova\u00e7\u00e3o da Microsoft Brasil.  \u201cCloud Computing, que est\u00e1 revolucionando o mercado de software, e  Interoperabilidade, essencial por simplificar e criar uma ponte entre  tecnologias da Microsoft e de c\u00f3digo aberto, ser\u00e3o os temas centrais do evento.  Vamos mostrar tamb\u00e9m novidades como o Windows Phone e Kinect que abrem novos  horizontes para os profissionais de TI\u201d, conclui o executivo.<\/p>\n<p>As sess\u00f5es sobre interoperabilidade v\u00e3o abordar as integra\u00e7\u00f5es entre a  plataforma Microsoft com outras plataforma e tecnologias, como, por exemplo,  Linux, PHP, Ruby, Java e Mono. A interoperabilidade \u00e9 importante para a  Microsoft uma vez que o ambiente atual de TI \u00e9 heterog\u00eaneo e cont\u00e9m diversos  sistemas, todos com seus pr\u00f3prios conjuntos de protocolos e processos de  gerenciamento. A boa integra\u00e7\u00e3o entre os diversos ambientes trazem muitas  oportunidades de redu\u00e7\u00e3o de custos, cen\u00e1rios mais abrangentes que tiram o melhor  dos dois mundos e redu\u00e7\u00e3o da complexidade contribuindo para que o profissional  de TI seja mais bem sucedido. A Microsoft investe muito em padr\u00f5es e  interoperabilidade a fim de permitir que as empresas e profissionais fa\u00e7am o  melhor uso poss\u00edvel de solu\u00e7\u00f5es h\u00edbridas.<\/p>\n<p>J\u00e1 as palestras referentes \u00e0 Computa\u00e7\u00e3o na Nuvem &amp; Servi\u00e7os Online  abordar\u00e3o os produtos na nuvem oferecidos hoje pela Microsoft, como, por  exemplo, o Windows Azure, plataforma de servi\u00e7os na nuvem projetada para  hospedar servi\u00e7os e aplica\u00e7\u00f5es Web, e o BPOS &#8211; Business Productivity Online  Suite, um conjunto de solu\u00e7\u00f5es de colabora\u00e7\u00e3o e mensagens na nuvem tamb\u00e9m  oferecido como servi\u00e7o. As duas solu\u00e7\u00f5es, s\u00e3o hospedadas nos datacenters da  companhia.<\/p>\n<p>O Tech-Ed Brasil 2010 tamb\u00e9m apresentar\u00e1 outros 14 conjuntos de palestras  t\u00e9cnicas, incluindo temas como Comunica\u00e7\u00f5es Unificadas; Desenvolvimento e Design  Web; Ferramentas de Desenvolvimento, Linguagem e Frameworks; Gerenciamento;  Plataforma de Aplica\u00e7\u00e3o e Infraestrutura; Plataforma de Base de Dados;  Plataforma Office &amp; SharePoint; Pr\u00e1ticas de Desenvolvimento; Seguran\u00e7a,  Identidade e Acesso; Suporte; Virtualiza\u00e7\u00e3o; Windows Client; Windows Servidores  e Business Intelligence.<\/p>\n<p>Mais informa\u00e7\u00f5es sobre o evento poder\u00e3o ser acessadas do site  www.teched.com.br .<\/p>\n<p>Agenda<\/p>\n<p>Evento: Tech &#8211; Ed Brasil 2010<\/p>\n<p>Local: Expo Center Norte &#8211; Rua Jos\u00e9 Bernardo Pinto, 333 \u2013 S\u00e3o Paulo<\/p>\n<p>Data: 13 a 15 de setembro<\/p>\n<p>Informa\u00e7\u00f5es: <a href=\"http:\/\/www.teched.com.br\" target=\"_blank\">www.teched.com.br<\/a><\/p>\n","protected":false},"excerpt":{"rendered":"<p>A Microsoft realizar\u00e1 entre 13 e 15 de setembro, na Expo Center Norte, em S\u00e3o Paulo, o Tech-Ed Brasil 2010. A 11\u00aa edi\u00e7\u00e3o do maior evento t\u00e9cnico da Am\u00e9rica Latina \u00e9 direcionada para desenvolvedores e profissionais de infra estrutura de TI. O evento deste ano ter\u00e1 como foco principal os temas de Computa\u00e7\u00e3o na Nuvem, [&hellip;]<\/p>\n","protected":false},"author":3,"featured_media":0,"comment_status":"open","ping_status":"open","sticky":false,"template":"","format":"standard","meta":{"tdm_status":"","tdm_grid_status":"","footnotes":""},"categories":[22,351,370],"tags":[],"class_list":{"0":"post-30754","1":"post","2":"type-post","3":"status-publish","4":"format-standard","6":"category-brasil","7":"category-cursos","8":"category-inscricao"},"_links":{"self":[{"href":"https:\/\/migracao.redenoticia.com.br\/noticia\/wp-json\/wp\/v2\/posts\/30754","targetHints":{"allow":["GET"]}}],"collection":[{"href":"https:\/\/migracao.redenoticia.com.br\/noticia\/wp-json\/wp\/v2\/posts"}],"about":[{"href":"https:\/\/migracao.redenoticia.com.br\/noticia\/wp-json\/wp\/v2\/types\/post"}],"author":[{"embeddable":true,"href":"https:\/\/migracao.redenoticia.com.br\/noticia\/wp-json\/wp\/v2\/users\/3"}],"replies":[{"embeddable":true,"href":"https:\/\/migracao.redenoticia.com.br\/noticia\/wp-json\/wp\/v2\/comments?post=30754"}],"version-history":[{"count":0,"href":"https:\/\/migracao.redenoticia.com.br\/noticia\/wp-json\/wp\/v2\/posts\/30754\/revisions"}],"wp:attachment":[{"href":"https:\/\/migracao.redenoticia.com.br\/noticia\/wp-json\/wp\/v2\/media?parent=30754"}],"wp:term":[{"taxonomy":"category","embeddable":true,"href":"https:\/\/migracao.redenoticia.com.br\/noticia\/wp-json\/wp\/v2\/categories?post=30754"},{"taxonomy":"post_tag","embeddable":true,"href":"https:\/\/migracao.redenoticia.com.br\/noticia\/wp-json\/wp\/v2\/tags?post=30754"}],"curies":[{"name":"wp","href":"https:\/\/api.w.org\/{rel}","templated":true}]}}