{"id":30757,"date":"2010-08-11T15:20:08","date_gmt":"2010-08-11T19:20:08","guid":{"rendered":"http:\/\/www.redenoticia.com.br\/noticia\/?p=30757"},"modified":"2010-08-11T15:20:08","modified_gmt":"2010-08-11T19:20:08","slug":"concurso-mossororn-100-vagas-para-guarda-civil","status":"publish","type":"post","link":"https:\/\/migracao.redenoticia.com.br\/noticia\/2010\/concurso-mossororn-100-vagas-para-guarda-civil\/30757","title":{"rendered":"Concurso Mossor\u00f3\/RN &#8211; 100 vagas para Guarda Civil"},"content":{"rendered":"<p><strong><span style=\"font-weight: normal;\"><img loading=\"lazy\" decoding=\"async\" class=\"alignleft size-full wp-image-28960\" title=\"concurso inscricao vagas\" src=\"https:\/\/migracao.redenoticia.com.br\/noticia\/imagens\/concurso-inscricao-vagas.jpg\" alt=\"\" width=\"300\" height=\"193\" srcset=\"https:\/\/migracao.redenoticia.com.br\/noticia\/imagens\/concurso-inscricao-vagas.jpg 300w, https:\/\/migracao.redenoticia.com.br\/noticia\/imagens\/concurso-inscricao-vagas-250x160.jpg 250w, https:\/\/migracao.redenoticia.com.br\/noticia\/imagens\/concurso-inscricao-vagas-150x96.jpg 150w\" sizes=\"auto, (max-width: 300px) 100vw, 300px\" \/><\/span><em>Concurso Mossor\u00f3\/RN<\/em><\/strong> <strong><em>Guarda Civil<\/em><\/strong> pela <strong><em>Consulplan<\/em><\/strong> &#8211; encontram-se abertas as inscri\u00e7\u00f5es para Concurso P\u00fablico da Prefeitura Municipal de Mossor\u00f3-RN, por interm\u00e9dio da Secretaria Municipal da Administra\u00e7\u00e3o e Gest\u00e3o de Pessoas &#8211; SEMAD, destinado a selecionar Candidatos para provimento de vagas do Quadro Permanente de Pessoal da Prefeitura Municipal. A inscri\u00e7\u00e3o ser\u00e1 realizada entre 09 a 20 de agosto de 2010, no Gin\u00e1sio Poliesportivo Engenheiro Pedro Ciarlini Neto, localizado na Avenida Dix-Neuf Rosado, s\/n\u00ba, Centro, Mossor\u00f3-RN, de segunda a sexta-feira, das 9h00 \u00e0s 16h00. No ato da inscri\u00e7\u00e3o, o candidato deve apresentar original e c\u00f3pia do documento de identidade e comprova\u00e7\u00e3o do pagamento da Taxa de Inscri\u00e7\u00e3o na Ag\u00eancia do Banco do Brasil, atrav\u00e9s da Conta Corrente n\u00ba 20.068-9, Ag\u00eancia n\u00ba 0036-1.<\/p>\n<p>S\u00e3o oferecidas 100 vagas para os cargos efetivos na classe inicial da carreira de Guarda Civil Municipal, para n\u00edvel M\u00e9dio e com carga hor\u00e1ria de 40h semanais e remunera\u00e7\u00e3o de R$ 522,24. As informa\u00e7\u00f5es referentes \u00e0 data, ao hor\u00e1rio e ao local de realiza\u00e7\u00e3o da prova, assim como orienta\u00e7\u00f5es para realiza\u00e7\u00e3o da prova, estar\u00e3o dispon\u00edveis, a partir do dia 04 de outubro de 2010, no endere\u00e7o eletr\u00f4nico da Consulplan (<strong><em><a href=\"http:\/\/www.consulplan.net\/\" target=\"_blank\">www.consulplan.net<\/a><\/em><\/strong>), devendo o candidato efetuar a impress\u00e3o deste Cart\u00e3o de Confirma\u00e7\u00e3o de Inscri\u00e7\u00e3o (CCI). As informa\u00e7\u00f5es tamb\u00e9m poder\u00e3o ser obtidas atrav\u00e9s da Central de Atendimento da Consulplan, atrav\u00e9s de e-mail (atendimento@consulplan.com) e telefone (32) 3729-4700.<\/p>\n<p>O Concurso Mossor\u00f3\/RN Guarda Civil pela Consulplan para provimento de cargos efetivos da classe inicial de Guarda Civil Municipal constar\u00e1 das seguintes etapas:<\/p>\n<p>a) 1\u00aa etapa, de car\u00e1ter eliminat\u00f3rio e classificat\u00f3rio, consistir\u00e1 em Avalia\u00e7\u00e3o de conhecimentos te\u00f3ricos, mediante a aplica\u00e7\u00e3o de Prova Escrita Objetiva de M\u00faltipla Escolha para mensurar conhecimentos gerais e espec\u00edficos dos candidatos, Avalia\u00e7\u00e3o F\u00edsica, pertinente ao exerc\u00edcio do cargo p\u00fablico, aplicado por comiss\u00e3o de profissionais habilitados em Educa\u00e7\u00e3o F\u00edsica que possuam registro no Conselho Regional de Educa\u00e7\u00e3o F\u00edsica e Avalia\u00e7\u00e3o Psicol\u00f3gica, com base em crit\u00e9rios objetivos definidos no respectivo edital, aplicado por profissionais habilitados em Psicologia que possuam registro no Conselho Regional de Psicologia;<\/p>\n<p>b) 2\u00aa etapa, de car\u00e1ter apenas eliminat\u00f3rio, consistir\u00e1 na realiza\u00e7\u00e3o de curso espec\u00edfico de forma\u00e7\u00e3o profissional, com carga hor\u00e1ria a ser estabelecida nos termos do \u00a7 3\u00ba do art. 9\u00ba da Lei Complementar Municipal n\u00ba 37\/2009.<\/p>\n<p>As provas escritas ser\u00e3o realizadas no dia <span style=\"text-decoration: underline;\">10 de outubro<\/span> de 2010, das 9h00 \u00e0s 13h00, em local a ser publicado no portal eletr\u00f4nico da prefeitura, durante o andamento do certame.<\/p>\n<p>O prazo de validade do Concurso Mossor\u00f3\/RN Guarda Civil pela Consulplan<\/p>\n<p>ser\u00e1 de 2 anos, podendo ser prorrogado, uma \u00fanica vez, por igual per\u00edodo.<\/p>\n<p>Concurso Mossor\u00f3\/RN Guarda Civil pela Consulplan<\/p>\n","protected":false},"excerpt":{"rendered":"<p>Concurso Mossor\u00f3\/RN Guarda Civil pela Consulplan &#8211; encontram-se abertas as inscri\u00e7\u00f5es para Concurso P\u00fablico da Prefeitura Municipal de Mossor\u00f3-RN, por interm\u00e9dio da Secretaria Municipal da Administra\u00e7\u00e3o e Gest\u00e3o de Pessoas &#8211; SEMAD, destinado a selecionar Candidatos para provimento de vagas do Quadro Permanente de Pessoal da Prefeitura Municipal. A inscri\u00e7\u00e3o ser\u00e1 realizada entre 09 a [&hellip;]<\/p>\n","protected":false},"author":3,"featured_media":28960,"comment_status":"open","ping_status":"open","sticky":false,"template":"","format":"standard","meta":{"tdm_status":"","tdm_grid_status":"","footnotes":""},"categories":[22,352,370],"tags":[],"class_list":{"0":"post-30757","1":"post","2":"type-post","3":"status-publish","4":"format-standard","5":"has-post-thumbnail","7":"category-brasil","8":"category-concursos","9":"category-inscricao"},"_links":{"self":[{"href":"https:\/\/migracao.redenoticia.com.br\/noticia\/wp-json\/wp\/v2\/posts\/30757","targetHints":{"allow":["GET"]}}],"collection":[{"href":"https:\/\/migracao.redenoticia.com.br\/noticia\/wp-json\/wp\/v2\/posts"}],"about":[{"href":"https:\/\/migracao.redenoticia.com.br\/noticia\/wp-json\/wp\/v2\/types\/post"}],"author":[{"embeddable":true,"href":"https:\/\/migracao.redenoticia.com.br\/noticia\/wp-json\/wp\/v2\/users\/3"}],"replies":[{"embeddable":true,"href":"https:\/\/migracao.redenoticia.com.br\/noticia\/wp-json\/wp\/v2\/comments?post=30757"}],"version-history":[{"count":0,"href":"https:\/\/migracao.redenoticia.com.br\/noticia\/wp-json\/wp\/v2\/posts\/30757\/revisions"}],"wp:featuredmedia":[{"embeddable":true,"href":"https:\/\/migracao.redenoticia.com.br\/noticia\/wp-json\/wp\/v2\/media\/28960"}],"wp:attachment":[{"href":"https:\/\/migracao.redenoticia.com.br\/noticia\/wp-json\/wp\/v2\/media?parent=30757"}],"wp:term":[{"taxonomy":"category","embeddable":true,"href":"https:\/\/migracao.redenoticia.com.br\/noticia\/wp-json\/wp\/v2\/categories?post=30757"},{"taxonomy":"post_tag","embeddable":true,"href":"https:\/\/migracao.redenoticia.com.br\/noticia\/wp-json\/wp\/v2\/tags?post=30757"}],"curies":[{"name":"wp","href":"https:\/\/api.w.org\/{rel}","templated":true}]}}